{"id":35795,"date":"2026-09-01T05:14:07","date_gmt":"2026-09-01T08:14:07","guid":{"rendered":"https:\/\/www.diariodebordo.net\/?p=35795"},"modified":"2026-09-01T05:14:07","modified_gmt":"2026-09-01T08:14:07","slug":"metodo-star-saiba-como-demonstrar-competencias-reais-e-se-destacar-em-processos-seletivos","status":"publish","type":"post","link":"https:\/\/ftp.diariodebordo.net\/?p=35795","title":{"rendered":"M\u00e9todo STAR: Saiba como demonstrar compet\u00eancias reais e se destacar em processos seletivos"},"content":{"rendered":"<p>Em uma entrevista de emprego, afirmar que possui boa comunica\u00e7\u00e3o, lideran\u00e7a ou capacidade para resolver problemas j\u00e1 n\u00e3o \u00e9 suficiente. \u00c0 medida que os processos seletivos se tornam mais orientados por compet\u00eancias, os recrutadores buscam evid\u00eancias de como essas caracter\u00edsticas foram aplicadas em situa\u00e7\u00f5es reais. \u00c9 nesse contexto que o m\u00e9todo STAR se apresenta como uma forma estruturada de avaliar candidatos.<\/p>\n<p>A metodologia ajuda o profissional a organizar suas experi\u00eancias a partir de quatro elementos:\u00a0<strong>S<\/strong>itua\u00e7\u00e3o,\u00a0<strong>T<\/strong>arefa,\u00a0<strong>A<\/strong>\u00e7\u00e3o e\u00a0<strong>R<\/strong>esultado. Ou seja, ele deve apresentar o contexto, explicar o desafio, descrever o que fez e mostrar o resultado alcan\u00e7ado. Mais do que um roteiro, o m\u00e9todo permite estruturar as viv\u00eancias profissionais e demonstrar compet\u00eancias de forma concreta.<\/p>\n<p>Essa capacidade se torna ainda mais importante diante das mudan\u00e7as no mercado de trabalho. O\u00a0<em>Future of Jobs Report 2025<\/em>, do F\u00f3rum Econ\u00f4mico Mundial, ouviu mais de mil empregadores, que representam mais de 14 milh\u00f5es de trabalhadores em 55 economias. Segundo o estudo, 39% das compet\u00eancias atuais dos trabalhadores dever\u00e3o se transformar ou se tornar obsoletas at\u00e9 2030, enquanto 70% das organiza\u00e7\u00f5es esperam contratar profissionais com novas habilidades. Diante dessa tend\u00eancia, os candidatos precisam demonstrar como aplicam seus conhecimentos na pr\u00e1tica para se destacar entre os demais.<\/p>\n<p>O princ\u00edpio que sustenta o STAR \u00e9 simples: experi\u00eancias anteriores ajudam a compreender como uma pessoa tende a agir diante de desafios semelhantes. Ao apresentar situa\u00e7\u00f5es reais de forma estruturada, o profissional permite que o recrutador compreenda melhor como ele reage a situa\u00e7\u00f5es relacionadas ao cotidiano da fun\u00e7\u00e3o.<\/p>\n<p>Isso n\u00e3o significa tratar a entrevista como uma prova com respostas certas e erradas. Perguntas comportamentais n\u00e3o s\u00e3o pegadinhas \u2013 na verdade, elas buscam conhecer o repert\u00f3rio do candidato. Se ele nunca vivenciou determinada situa\u00e7\u00e3o, o melhor caminho \u00e9 reconhecer isso, em vez de inventar uma experi\u00eancia ou tentar adaptar sua trajet\u00f3ria para construir uma resposta.<\/p>\n<p>Preparar-se tamb\u00e9m n\u00e3o significa memorizar discursos, pois respostas decoradas podem comprometer a naturalidade da conversa. O profissional precisa revisitar seu hist\u00f3rico e identificar os principais desafios, os casos de sucesso e as situa\u00e7\u00f5es mais relevantes que vivenciou para compartilh\u00e1-los com o entrevistador.<\/p>\n<p>Imagine um analista de dados que precisou apresentar um relat\u00f3rio complexo \u00e0 equipe de atendimento. Como a planilha continha c\u00f3digos e f\u00f3rmulas de dif\u00edcil compreens\u00e3o, ele criou um painel visual, destacou os produtos com mais reclama\u00e7\u00f5es e resumiu os motivos das devolu\u00e7\u00f5es em linguagem acess\u00edvel. Ap\u00f3s a equipe adaptar o atendimento com base nessas informa\u00e7\u00f5es, o \u00edndice de devolu\u00e7\u00e3o desses produtos caiu 15%. Nesse exemplo, o candidato apresenta de forma clara o contexto, a tarefa, a a\u00e7\u00e3o adotada e o resultado obtido. Assim, oferece ao recrutador uma evid\u00eancia concreta de sua capacidade para desempenhar atividades semelhantes.<\/p>\n<p>Ao relatar uma experi\u00eancia, \u00e9 importante apresentar come\u00e7o, meio e fim, organizando os fatos de forma l\u00f3gica e, preferencialmente, cronol\u00f3gica. Essa estrutura torna a resposta mais clara, sem a necessidade de seguir um roteiro decorado.<\/p>\n<p>Para se preparar, o profissional pode mapear as viv\u00eancias mais relevantes de sua trajet\u00f3ria e identificar qual era a situa\u00e7\u00e3o, qual desafio ou tarefa precisava enfrentar, o que fez e qual foi o resultado. O objetivo n\u00e3o \u00e9 criar uma resposta para cada pergunta poss\u00edvel, mas organizar um conjunto de situa\u00e7\u00f5es que possa ser apresentado com clareza e naturalidade.<\/p>\n<p>O m\u00e9todo tamb\u00e9m pode ser aplicado em avalia\u00e7\u00f5es de desempenho e de resultados, apresenta\u00e7\u00f5es de casos e processos de resolu\u00e7\u00e3o de problemas com base em situa\u00e7\u00f5es anteriores. Nessas situa\u00e7\u00f5es, contribui para estruturar a comunica\u00e7\u00e3o e tornar mais clara a apresenta\u00e7\u00e3o dos conhecimentos e compet\u00eancias desenvolvidos ao longo da trajet\u00f3ria profissional.<\/p>\n<p>Em um mercado que deseja saber n\u00e3o apenas o que o profissional conhece, mas o que consegue fazer com esse conhecimento, a capacidade de comunicar bem as pr\u00f3prias experi\u00eancias tornou-se, por si s\u00f3, uma compet\u00eancia.<\/p>\n<p><strong>*Priscila Almeida \u00e9 psic\u00f3loga e coordenadora de Atra\u00e7\u00e3o e Sele\u00e7\u00e3o do Grupo Soulan.<\/strong><\/p>\n","protected":false},"excerpt":{"rendered":"<p>Em uma entrevista de emprego, afirmar que possui boa comunica\u00e7\u00e3o, lideran\u00e7a ou capacidade para resolver problemas j\u00e1 n\u00e3o \u00e9 suficiente. \u00c0 medida que os processos seletivos se tornam mais orientados por compet\u00eancias, os recrutadores buscam evid\u00eancias de como essas caracter\u00edsticas foram aplicadas em situa\u00e7\u00f5es reais. \u00c9 nesse contexto que o m\u00e9todo STAR se apresenta como<\/p>\n","protected":false},"author":7,"featured_media":35796,"comment_status":"open","ping_status":"open","sticky":true,"template":"","format":"standard","meta":{"_eb_attr":"","inline_featured_image":false,"_joinchat":[],"footnotes":""},"categories":[1],"tags":[],"class_list":["post-35795","post","type-post","status-publish","format-standard","has-post-thumbnail","hentry","category-dia-a-dia"],"acf":[],"yoast_head":"<!-- This site is optimized with the Yoast SEO plugin v28.4 - https:\/\/yoast.com\/product\/yoast-seo-wordpress\/ -->\n<title>M\u00e9todo STAR: Saiba como demonstrar compet\u00eancias reais e se destacar em processos seletivos - Experi\u00eancias que conectam marcas, pessoas e momentos<\/title>\n<meta name=\"robots\" content=\"index, follow, max-snippet:-1, max-image-preview:large, max-video-preview:-1\" \/>\n<link rel=\"canonical\" href=\"http:\/\/ftp.diariodebordo.net\/?p=35795\" \/>\n<meta property=\"og:locale\" content=\"pt_BR\" \/>\n<meta property=\"og:type\" content=\"article\" \/>\n<meta property=\"og:title\" content=\"M\u00e9todo STAR: Saiba como demonstrar compet\u00eancias reais e se destacar em processos seletivos - Experi\u00eancias que conectam marcas, pessoas e momentos\" \/>\n<meta property=\"og:description\" content=\"Em uma entrevista de emprego, afirmar que possui boa comunica\u00e7\u00e3o, lideran\u00e7a ou capacidade para resolver problemas j\u00e1 n\u00e3o \u00e9 suficiente. \u00c0 medida que os processos seletivos se tornam mais orientados por compet\u00eancias, os recrutadores buscam evid\u00eancias de como essas caracter\u00edsticas foram aplicadas em situa\u00e7\u00f5es reais. \u00c9 nesse contexto que o m\u00e9todo STAR se apresenta como\" \/>\n<meta property=\"og:url\" content=\"http:\/\/ftp.diariodebordo.net\/?p=35795\" \/>\n<meta property=\"og:site_name\" content=\"Experi\u00eancias que conectam marcas, pessoas e momentos\" \/>\n<meta property=\"article:published_time\" content=\"2026-09-01T08:14:07+00:00\" \/>\n<meta property=\"og:image\" content=\"http:\/\/ftp.diariodebordo.net\/wp-content\/uploads\/2026\/09\/Priscila-Almeida-Coordenadora-de-Atracao-e-Selecao-do-Grupo-Soulan-scaled.jpg\" \/>\n\t<meta property=\"og:image:width\" content=\"1706\" \/>\n\t<meta property=\"og:image:height\" content=\"2560\" \/>\n\t<meta property=\"og:image:type\" content=\"image\/jpeg\" \/>\n<meta name=\"author\" content=\"Jornalismo RDB\" \/>\n<meta name=\"twitter:card\" content=\"summary_large_image\" \/>\n<meta name=\"twitter:label1\" content=\"Escrito por\" \/>\n\t<meta name=\"twitter:data1\" content=\"Jornalismo RDB\" \/>\n\t<meta name=\"twitter:label2\" content=\"Est. tempo de leitura\" \/>\n\t<meta name=\"twitter:data2\" content=\"4 minutos\" \/>\n<script type=\"application\/ld+json\" class=\"yoast-schema-graph\">{\"@context\":\"https:\\\/\\\/schema.org\",\"@graph\":[{\"@type\":\"Article\",\"@id\":\"http:\\\/\\\/ftp.diariodebordo.net\\\/?p=35795#article\",\"isPartOf\":{\"@id\":\"http:\\\/\\\/ftp.diariodebordo.net\\\/?p=35795\"},\"author\":{\"name\":\"Jornalismo RDB\",\"@id\":\"https:\\\/\\\/www.diariodebordo.net\\\/#\\\/schema\\\/person\\\/f1405b5506ba826401e06041eb91d2b1\"},\"headline\":\"M\u00e9todo STAR: Saiba como demonstrar compet\u00eancias reais e se destacar em processos seletivos\",\"datePublished\":\"2026-09-01T08:14:07+00:00\",\"mainEntityOfPage\":{\"@id\":\"http:\\\/\\\/ftp.diariodebordo.net\\\/?p=35795\"},\"wordCount\":718,\"commentCount\":0,\"publisher\":{\"@id\":\"https:\\\/\\\/www.diariodebordo.net\\\/#organization\"},\"image\":{\"@id\":\"http:\\\/\\\/ftp.diariodebordo.net\\\/?p=35795#primaryimage\"},\"thumbnailUrl\":\"https:\\\/\\\/ftp.diariodebordo.net\\\/wp-content\\\/uploads\\\/2026\\\/09\\\/Priscila-Almeida-Coordenadora-de-Atracao-e-Selecao-do-Grupo-Soulan-scaled.jpg\",\"articleSection\":[\"Dia-a-Dia\"],\"inLanguage\":\"pt-BR\",\"potentialAction\":[{\"@type\":\"CommentAction\",\"name\":\"Comment\",\"target\":[\"http:\\\/\\\/ftp.diariodebordo.net\\\/?p=35795#respond\"]}]},{\"@type\":\"WebPage\",\"@id\":\"http:\\\/\\\/ftp.diariodebordo.net\\\/?p=35795\",\"url\":\"http:\\\/\\\/ftp.diariodebordo.net\\\/?p=35795\",\"name\":\"M\u00e9todo STAR: Saiba como demonstrar compet\u00eancias reais e se destacar em processos seletivos - Experi\u00eancias que conectam marcas, pessoas e momentos\",\"isPartOf\":{\"@id\":\"https:\\\/\\\/www.diariodebordo.net\\\/#website\"},\"primaryImageOfPage\":{\"@id\":\"http:\\\/\\\/ftp.diariodebordo.net\\\/?p=35795#primaryimage\"},\"image\":{\"@id\":\"http:\\\/\\\/ftp.diariodebordo.net\\\/?p=35795#primaryimage\"},\"thumbnailUrl\":\"https:\\\/\\\/ftp.diariodebordo.net\\\/wp-content\\\/uploads\\\/2026\\\/09\\\/Priscila-Almeida-Coordenadora-de-Atracao-e-Selecao-do-Grupo-Soulan-scaled.jpg\",\"datePublished\":\"2026-09-01T08:14:07+00:00\",\"breadcrumb\":{\"@id\":\"http:\\\/\\\/ftp.diariodebordo.net\\\/?p=35795#breadcrumb\"},\"inLanguage\":\"pt-BR\",\"potentialAction\":[{\"@type\":\"ReadAction\",\"target\":[\"http:\\\/\\\/ftp.diariodebordo.net\\\/?p=35795\"]}]},{\"@type\":\"ImageObject\",\"inLanguage\":\"pt-BR\",\"@id\":\"http:\\\/\\\/ftp.diariodebordo.net\\\/?p=35795#primaryimage\",\"url\":\"https:\\\/\\\/ftp.diariodebordo.net\\\/wp-content\\\/uploads\\\/2026\\\/09\\\/Priscila-Almeida-Coordenadora-de-Atracao-e-Selecao-do-Grupo-Soulan-scaled.jpg\",\"contentUrl\":\"https:\\\/\\\/ftp.diariodebordo.net\\\/wp-content\\\/uploads\\\/2026\\\/09\\\/Priscila-Almeida-Coordenadora-de-Atracao-e-Selecao-do-Grupo-Soulan-scaled.jpg\",\"width\":1706,\"height\":2560},{\"@type\":\"BreadcrumbList\",\"@id\":\"http:\\\/\\\/ftp.diariodebordo.net\\\/?p=35795#breadcrumb\",\"itemListElement\":[{\"@type\":\"ListItem\",\"position\":1,\"name\":\"In\u00edcio\",\"item\":\"https:\\\/\\\/www.diariodebordo.net\\\/\"},{\"@type\":\"ListItem\",\"position\":2,\"name\":\"M\u00e9todo STAR: Saiba como demonstrar compet\u00eancias reais e se destacar em processos seletivos\"}]},{\"@type\":\"WebSite\",\"@id\":\"https:\\\/\\\/www.diariodebordo.net\\\/#website\",\"url\":\"https:\\\/\\\/www.diariodebordo.net\\\/\",\"name\":\"Experi\u00eancias que conectam marcas, pessoas e momentos\",\"description\":\"M\u00eddia, eventos e conte\u00fado em uma plataforma que gera presen\u00e7a, relev\u00e2ncia e movimento.\",\"publisher\":{\"@id\":\"https:\\\/\\\/www.diariodebordo.net\\\/#organization\"},\"potentialAction\":[{\"@type\":\"SearchAction\",\"target\":{\"@type\":\"EntryPoint\",\"urlTemplate\":\"https:\\\/\\\/www.diariodebordo.net\\\/?s={search_term_string}\"},\"query-input\":{\"@type\":\"PropertyValueSpecification\",\"valueRequired\":true,\"valueName\":\"search_term_string\"}}],\"inLanguage\":\"pt-BR\"},{\"@type\":\"Organization\",\"@id\":\"https:\\\/\\\/www.diariodebordo.net\\\/#organization\",\"name\":\"Experi\u00eancias que conectam marcas, pessoas e momentos\",\"url\":\"https:\\\/\\\/www.diariodebordo.net\\\/\",\"logo\":{\"@type\":\"ImageObject\",\"inLanguage\":\"pt-BR\",\"@id\":\"https:\\\/\\\/www.diariodebordo.net\\\/#\\\/schema\\\/logo\\\/image\\\/\",\"url\":\"https:\\\/\\\/ftp.diariodebordo.net\\\/wp-content\\\/uploads\\\/2026\\\/04\\\/cropped-cropped-20260419_052322_0001-2.png\",\"contentUrl\":\"https:\\\/\\\/ftp.diariodebordo.net\\\/wp-content\\\/uploads\\\/2026\\\/04\\\/cropped-cropped-20260419_052322_0001-2.png\",\"width\":512,\"height\":214,\"caption\":\"Experi\u00eancias que conectam marcas, pessoas e momentos \"},\"image\":{\"@id\":\"https:\\\/\\\/www.diariodebordo.net\\\/#\\\/schema\\\/logo\\\/image\\\/\"}},{\"@type\":\"Person\",\"@id\":\"https:\\\/\\\/www.diariodebordo.net\\\/#\\\/schema\\\/person\\\/f1405b5506ba826401e06041eb91d2b1\",\"name\":\"Jornalismo RDB\",\"image\":{\"@type\":\"ImageObject\",\"inLanguage\":\"pt-BR\",\"@id\":\"https:\\\/\\\/www.diariodebordo.net\\\/wp-content\\\/uploads\\\/2026\\\/04\\\/cropped-cropped-11_20260415_024630_0000-1-96x96.png\",\"url\":\"https:\\\/\\\/www.diariodebordo.net\\\/wp-content\\\/uploads\\\/2026\\\/04\\\/cropped-cropped-11_20260415_024630_0000-1-96x96.png\",\"contentUrl\":\"https:\\\/\\\/www.diariodebordo.net\\\/wp-content\\\/uploads\\\/2026\\\/04\\\/cropped-cropped-11_20260415_024630_0000-1-96x96.png\",\"caption\":\"Jornalismo RDB\"},\"sameAs\":[\"https:\\\/\\\/diariodebordo.net\"],\"url\":\"https:\\\/\\\/ftp.diariodebordo.net\\\/?author=7\"}]}<\/script>\n<!-- \/ Yoast SEO plugin. -->","yoast_head_json":{"title":"M\u00e9todo STAR: Saiba como demonstrar compet\u00eancias reais e se destacar em processos seletivos - Experi\u00eancias que conectam marcas, pessoas e momentos","robots":{"index":"index","follow":"follow","max-snippet":"max-snippet:-1","max-image-preview":"max-image-preview:large","max-video-preview":"max-video-preview:-1"},"canonical":"http:\/\/ftp.diariodebordo.net\/?p=35795","og_locale":"pt_BR","og_type":"article","og_title":"M\u00e9todo STAR: Saiba como demonstrar compet\u00eancias reais e se destacar em processos seletivos - Experi\u00eancias que conectam marcas, pessoas e momentos","og_description":"Em uma entrevista de emprego, afirmar que possui boa comunica\u00e7\u00e3o, lideran\u00e7a ou capacidade para resolver problemas j\u00e1 n\u00e3o \u00e9 suficiente. \u00c0 medida que os processos seletivos se tornam mais orientados por compet\u00eancias, os recrutadores buscam evid\u00eancias de como essas caracter\u00edsticas foram aplicadas em situa\u00e7\u00f5es reais. \u00c9 nesse contexto que o m\u00e9todo STAR se apresenta como","og_url":"http:\/\/ftp.diariodebordo.net\/?p=35795","og_site_name":"Experi\u00eancias que conectam marcas, pessoas e momentos","article_published_time":"2026-09-01T08:14:07+00:00","og_image":[{"width":1706,"height":2560,"url":"http:\/\/ftp.diariodebordo.net\/wp-content\/uploads\/2026\/09\/Priscila-Almeida-Coordenadora-de-Atracao-e-Selecao-do-Grupo-Soulan-scaled.jpg","type":"image\/jpeg"}],"author":"Jornalismo RDB","twitter_card":"summary_large_image","twitter_misc":{"Escrito por":"Jornalismo RDB","Est. tempo de leitura":"4 minutos"},"schema":{"@context":"https:\/\/schema.org","@graph":[{"@type":"Article","@id":"http:\/\/ftp.diariodebordo.net\/?p=35795#article","isPartOf":{"@id":"http:\/\/ftp.diariodebordo.net\/?p=35795"},"author":{"name":"Jornalismo RDB","@id":"https:\/\/www.diariodebordo.net\/#\/schema\/person\/f1405b5506ba826401e06041eb91d2b1"},"headline":"M\u00e9todo STAR: Saiba como demonstrar compet\u00eancias reais e se destacar em processos seletivos","datePublished":"2026-09-01T08:14:07+00:00","mainEntityOfPage":{"@id":"http:\/\/ftp.diariodebordo.net\/?p=35795"},"wordCount":718,"commentCount":0,"publisher":{"@id":"https:\/\/www.diariodebordo.net\/#organization"},"image":{"@id":"http:\/\/ftp.diariodebordo.net\/?p=35795#primaryimage"},"thumbnailUrl":"https:\/\/ftp.diariodebordo.net\/wp-content\/uploads\/2026\/09\/Priscila-Almeida-Coordenadora-de-Atracao-e-Selecao-do-Grupo-Soulan-scaled.jpg","articleSection":["Dia-a-Dia"],"inLanguage":"pt-BR","potentialAction":[{"@type":"CommentAction","name":"Comment","target":["http:\/\/ftp.diariodebordo.net\/?p=35795#respond"]}]},{"@type":"WebPage","@id":"http:\/\/ftp.diariodebordo.net\/?p=35795","url":"http:\/\/ftp.diariodebordo.net\/?p=35795","name":"M\u00e9todo STAR: Saiba como demonstrar compet\u00eancias reais e se destacar em processos seletivos - Experi\u00eancias que conectam marcas, pessoas e momentos","isPartOf":{"@id":"https:\/\/www.diariodebordo.net\/#website"},"primaryImageOfPage":{"@id":"http:\/\/ftp.diariodebordo.net\/?p=35795#primaryimage"},"image":{"@id":"http:\/\/ftp.diariodebordo.net\/?p=35795#primaryimage"},"thumbnailUrl":"https:\/\/ftp.diariodebordo.net\/wp-content\/uploads\/2026\/09\/Priscila-Almeida-Coordenadora-de-Atracao-e-Selecao-do-Grupo-Soulan-scaled.jpg","datePublished":"2026-09-01T08:14:07+00:00","breadcrumb":{"@id":"http:\/\/ftp.diariodebordo.net\/?p=35795#breadcrumb"},"inLanguage":"pt-BR","potentialAction":[{"@type":"ReadAction","target":["http:\/\/ftp.diariodebordo.net\/?p=35795"]}]},{"@type":"ImageObject","inLanguage":"pt-BR","@id":"http:\/\/ftp.diariodebordo.net\/?p=35795#primaryimage","url":"https:\/\/ftp.diariodebordo.net\/wp-content\/uploads\/2026\/09\/Priscila-Almeida-Coordenadora-de-Atracao-e-Selecao-do-Grupo-Soulan-scaled.jpg","contentUrl":"https:\/\/ftp.diariodebordo.net\/wp-content\/uploads\/2026\/09\/Priscila-Almeida-Coordenadora-de-Atracao-e-Selecao-do-Grupo-Soulan-scaled.jpg","width":1706,"height":2560},{"@type":"BreadcrumbList","@id":"http:\/\/ftp.diariodebordo.net\/?p=35795#breadcrumb","itemListElement":[{"@type":"ListItem","position":1,"name":"In\u00edcio","item":"https:\/\/www.diariodebordo.net\/"},{"@type":"ListItem","position":2,"name":"M\u00e9todo STAR: Saiba como demonstrar compet\u00eancias reais e se destacar em processos seletivos"}]},{"@type":"WebSite","@id":"https:\/\/www.diariodebordo.net\/#website","url":"https:\/\/www.diariodebordo.net\/","name":"Experi\u00eancias que conectam marcas, pessoas e momentos","description":"M\u00eddia, eventos e conte\u00fado em uma plataforma que gera presen\u00e7a, relev\u00e2ncia e movimento.","publisher":{"@id":"https:\/\/www.diariodebordo.net\/#organization"},"potentialAction":[{"@type":"SearchAction","target":{"@type":"EntryPoint","urlTemplate":"https:\/\/www.diariodebordo.net\/?s={search_term_string}"},"query-input":{"@type":"PropertyValueSpecification","valueRequired":true,"valueName":"search_term_string"}}],"inLanguage":"pt-BR"},{"@type":"Organization","@id":"https:\/\/www.diariodebordo.net\/#organization","name":"Experi\u00eancias que conectam marcas, pessoas e momentos","url":"https:\/\/www.diariodebordo.net\/","logo":{"@type":"ImageObject","inLanguage":"pt-BR","@id":"https:\/\/www.diariodebordo.net\/#\/schema\/logo\/image\/","url":"https:\/\/ftp.diariodebordo.net\/wp-content\/uploads\/2026\/04\/cropped-cropped-20260419_052322_0001-2.png","contentUrl":"https:\/\/ftp.diariodebordo.net\/wp-content\/uploads\/2026\/04\/cropped-cropped-20260419_052322_0001-2.png","width":512,"height":214,"caption":"Experi\u00eancias que conectam marcas, pessoas e momentos "},"image":{"@id":"https:\/\/www.diariodebordo.net\/#\/schema\/logo\/image\/"}},{"@type":"Person","@id":"https:\/\/www.diariodebordo.net\/#\/schema\/person\/f1405b5506ba826401e06041eb91d2b1","name":"Jornalismo RDB","image":{"@type":"ImageObject","inLanguage":"pt-BR","@id":"https:\/\/www.diariodebordo.net\/wp-content\/uploads\/2026\/04\/cropped-cropped-11_20260415_024630_0000-1-96x96.png","url":"https:\/\/www.diariodebordo.net\/wp-content\/uploads\/2026\/04\/cropped-cropped-11_20260415_024630_0000-1-96x96.png","contentUrl":"https:\/\/www.diariodebordo.net\/wp-content\/uploads\/2026\/04\/cropped-cropped-11_20260415_024630_0000-1-96x96.png","caption":"Jornalismo RDB"},"sameAs":["https:\/\/diariodebordo.net"],"url":"https:\/\/ftp.diariodebordo.net\/?author=7"}]}},"_links":{"self":[{"href":"https:\/\/ftp.diariodebordo.net\/index.php?rest_route=\/wp\/v2\/posts\/35795","targetHints":{"allow":["GET"]}}],"collection":[{"href":"https:\/\/ftp.diariodebordo.net\/index.php?rest_route=\/wp\/v2\/posts"}],"about":[{"href":"https:\/\/ftp.diariodebordo.net\/index.php?rest_route=\/wp\/v2\/types\/post"}],"author":[{"embeddable":true,"href":"https:\/\/ftp.diariodebordo.net\/index.php?rest_route=\/wp\/v2\/users\/7"}],"replies":[{"embeddable":true,"href":"https:\/\/ftp.diariodebordo.net\/index.php?rest_route=%2Fwp%2Fv2%2Fcomments&post=35795"}],"version-history":[{"count":1,"href":"https:\/\/ftp.diariodebordo.net\/index.php?rest_route=\/wp\/v2\/posts\/35795\/revisions"}],"predecessor-version":[{"id":35797,"href":"https:\/\/ftp.diariodebordo.net\/index.php?rest_route=\/wp\/v2\/posts\/35795\/revisions\/35797"}],"wp:featuredmedia":[{"embeddable":true,"href":"https:\/\/ftp.diariodebordo.net\/index.php?rest_route=\/wp\/v2\/media\/35796"}],"wp:attachment":[{"href":"https:\/\/ftp.diariodebordo.net\/index.php?rest_route=%2Fwp%2Fv2%2Fmedia&parent=35795"}],"wp:term":[{"taxonomy":"category","embeddable":true,"href":"https:\/\/ftp.diariodebordo.net\/index.php?rest_route=%2Fwp%2Fv2%2Fcategories&post=35795"},{"taxonomy":"post_tag","embeddable":true,"href":"https:\/\/ftp.diariodebordo.net\/index.php?rest_route=%2Fwp%2Fv2%2Ftags&post=35795"}],"curies":[{"name":"wp","href":"https:\/\/api.w.org\/{rel}","templated":true}]}}