{"id":34940,"date":"2026-04-25T04:33:23","date_gmt":"2026-04-25T07:33:23","guid":{"rendered":"https:\/\/www.diariodebordo.net\/?p=34940"},"modified":"2026-04-25T04:33:54","modified_gmt":"2026-04-25T07:33:54","slug":"perda-de-peso-com-as-canetas-emagrecedoras-impacta-diretamente-na-qualidade-da-pele","status":"publish","type":"post","link":"http:\/\/ftp.diariodebordo.net\/?p=34940","title":{"rendered":"Perda de peso com as canetas emagrecedoras impacta diretamente na qualidade da pele"},"content":{"rendered":"<div>\n<p><i>Dermaticista aponta alternativas para recuperar firmeza e vi\u00e7o<\/i><\/p>\n<div>\n<p>O uso crescente das chamadas \u201ccanetas emagrecedoras\u201d, medicamentos injet\u00e1veis indicados para controle de peso, tem provocado uma transforma\u00e7\u00e3o n\u00e3o apenas no corpo, mas tamb\u00e9m na apar\u00eancia da pele, especialmente do rosto. Com o emagrecimento acelerado, efeitos como flacidez, aspecto murcho, perda de vi\u00e7o e redu\u00e7\u00e3o da elasticidade s\u00e3o caracter\u00edsticas que resultam em uma apar\u00eancia mais envelhecida.<\/p>\n<p>A r\u00e1pida diminui\u00e7\u00e3o da gordura corporal impacta diretamente estruturas importantes da pele. A gordura facial, por exemplo, desempenha papel essencial na sustenta\u00e7\u00e3o e no contorno do rosto. Quando h\u00e1 perda abrupta desse volume, a pele pode n\u00e3o acompanhar o novo formato com a mesma velocidade, favorecendo a flacidez e a redu\u00e7\u00e3o da produ\u00e7\u00e3o de col\u00e1geno.<\/p>\n<p>De acordo com a dermaticista, cosmet\u00f3loga e esteticista Patr\u00edcia Elias, que possui quase 8 milh\u00f5es de inscritos em seu canal no YouTube, esse processo \u00e9 comum, mas pode ser tratado de forma eficaz com protocolos adequados. \u201cQuando o emagrecimento acontece de forma muito r\u00e1pida, h\u00e1 uma redu\u00e7\u00e3o importante do tecido adiposo que sustentava a pele. Sem esse suporte, \u00e9 comum observar flacidez e perda de vi\u00e7o, principalmente na regi\u00e3o do rosto\u201d, explica.<\/p>\n<p>Para a dermaticista, uma rotina de cuidados em casa faz toda a diferen\u00e7a. O uso de cremes firmadores, s\u00e9runs ricos em ativos regeneradores e m\u00e1scaras hidratantes ajudam a devolver mais vi\u00e7o \u00e0 pele.&#8221;O cuidado di\u00e1rio com a pele \u00e9 parte fundamental do processo de emagrecimento. F\u00f3rmulas com \u00e1cido hialur\u00f4nico, vitamina C, retinol, pept\u00eddeos e niacinamida, atuam na hidrata\u00e7\u00e3o, na luminosidade, na renova\u00e7\u00e3o celular e na melhora da firmeza. M\u00e1scaras faciais com col\u00e1geno, produtos \u00e0 base de aloe vera e cosm\u00e9ticos com elastina s\u00e3o aliados importantes na recupera\u00e7\u00e3o da qualidade da pele\u201d, destaca.<\/p>\n<p>Patr\u00edcia tamb\u00e9m enfatiza que hoje tecnologias e protocolos cosm\u00e9ticos avan\u00e7ados atuam diretamente na produ\u00e7\u00e3o de col\u00e1geno e elastina, com t\u00e9cnicas que promovem uma melhora vis\u00edvel na textura e na sustenta\u00e7\u00e3o da pele. \u201cUtilizando uma combina\u00e7\u00e3o de protocolos cosm\u00e9ticos avan\u00e7ados, como criofrequ\u00eancia, LED, radiofrequ\u00eancia, peelings e ativos de uso di\u00e1rio, conseguimos resultados eficazes que melhoram a firmeza e devolvem o aspecto saud\u00e1vel da pele sem a necessidade de interven\u00e7\u00f5es invasivas. Consulte sempre um profissional para uma apar\u00eancia saud\u00e1vel e equilibrada\u201d, conclui a especialista.<\/p>\n<p>&nbsp;<\/p>\n<p><img loading=\"lazy\" decoding=\"async\" src=\"https:\/\/ci3.googleusercontent.com\/meips\/ADKq_Nb1RRrPePTSqoHtCIWR3vJ4OCiDNZCI0EjPyMo4gK1uQCl6uCLrRcQypn9yZszGu_tYQAqtQKv_jTqmJjWE31OIgrwQpW2zF7aufKlI9KHxbBgsGK_-tJdK0k2HCI4B7J23aHxTJlEm_4ZjbNRm3vA-e5TmTo5-KLZCVmYKO8n8udmzONIBkLGmo9ziaf9aQNTI5nTDzkeg06Xqo2F8=s0-d-e1-ft#https:\/\/files.pressmanager.net\/clientes\/78a6226814bd434feec7a26e89aa3faa\/imagens\/2026\/04\/24\/187f411dbdea0e5e3dbb75bda24f89c6_medium.jpg\" alt=\"\" width=\"300\" height=\"200\" \/><\/p>\n<p><strong>Patr\u00edcia Elias<\/strong>\u00a0\u00e9 bacharel em Est\u00e9tica e Cosmetologia e p\u00f3s-graduada em Dermaticista pela Faculdade IBECO. Especialista em tratamento de Melasma, hipercromias, flacidez cut\u00e2nea e sa\u00fade da pele em geral, Patr\u00edcia \u00e9 s\u00f3cia fundadora da Cl\u00ednica de Est\u00e9tica e comanda o maior canal do YouTube brasileiro para este ramo com 7,74 milh\u00f5es de inscritos. O sucesso na internet aconteceu pelo desejo que ela tinha de levar as informa\u00e7\u00f5es verdadeiras e seguras para as pessoas que procuram por cuidados da pele.<\/p>\n<p><strong>Mais informa\u00e7\u00f5es:\u00a0<\/strong><a href=\"https:\/\/patriciaelias.com.br\/\" target=\"_blank\" rel=\"noopener noreferrer\" data-saferedirecturl=\"https:\/\/www.google.com\/url?q=https:\/\/patriciaelias.com.br\/&amp;source=gmail&amp;ust=1777178564745000&amp;usg=AOvVaw3QoWtdAmBuYcgtrgaHkgEB\">https:\/\/patriciaelias.com.br\/<\/a><br \/>\n<strong>YouTube:<\/strong>\u00a0<a href=\"https:\/\/www.youtube.com\/c\/PatriciaElias\/featured\" target=\"_blank\" rel=\"noopener noreferrer\" data-saferedirecturl=\"https:\/\/www.google.com\/url?q=https:\/\/www.youtube.com\/c\/PatriciaElias\/featured&amp;source=gmail&amp;ust=1777178564745000&amp;usg=AOvVaw3grOPauOEioOYp96nGXGs5\">Patr\u00edcia Elias<\/a><br \/>\n<strong>Instagram:<\/strong>\u00a0<a href=\"https:\/\/www.instagram.com\/esteticapatriciaelias\/\" target=\"_blank\" rel=\"noopener noreferrer\" data-saferedirecturl=\"https:\/\/www.google.com\/url?q=https:\/\/www.instagram.com\/esteticapatriciaelias\/&amp;source=gmail&amp;ust=1777178564745000&amp;usg=AOvVaw1iEhVy6Hchm93d0AAZqwBD\">@esteticapatriciaelias<\/a><\/p>\n<p>&nbsp;<\/p>\n<\/div>\n<\/div>\n<p>&nbsp;<\/p>\n","protected":false},"excerpt":{"rendered":"<p>Dermaticista aponta alternativas para recuperar firmeza e vi\u00e7o O uso crescente das chamadas \u201ccanetas emagrecedoras\u201d, medicamentos injet\u00e1veis indicados para controle de peso, tem provocado uma transforma\u00e7\u00e3o n\u00e3o apenas no corpo, mas tamb\u00e9m na apar\u00eancia da pele, especialmente do rosto. Com o emagrecimento acelerado, efeitos como flacidez, aspecto murcho, perda de vi\u00e7o e redu\u00e7\u00e3o da elasticidade<\/p>\n","protected":false},"author":13,"featured_media":0,"comment_status":"open","ping_status":"open","sticky":true,"template":"","format":"standard","meta":{"_eb_attr":"","inline_featured_image":false,"_joinchat":[],"footnotes":""},"categories":[185,1,171],"tags":[],"class_list":["post-34940","post","type-post","status-publish","format-standard","hentry","category-brasil","category-dia-a-dia","category-saude"],"acf":[],"yoast_head":"<!-- This site is optimized with the Yoast SEO plugin v27.5 - https:\/\/yoast.com\/product\/yoast-seo-wordpress\/ -->\n<title>Perda de peso com as canetas emagrecedoras impacta diretamente na qualidade da pele - Experi\u00eancias que conectam marcas, pessoas e momentos<\/title>\n<meta name=\"robots\" content=\"index, follow, max-snippet:-1, max-image-preview:large, max-video-preview:-1\" \/>\n<link rel=\"canonical\" href=\"https:\/\/www.diariodebordo.net\/?p=34940\" \/>\n<meta property=\"og:locale\" content=\"pt_BR\" \/>\n<meta property=\"og:type\" content=\"article\" \/>\n<meta property=\"og:title\" content=\"Perda de peso com as canetas emagrecedoras impacta diretamente na qualidade da pele - Experi\u00eancias que conectam marcas, pessoas e momentos\" \/>\n<meta property=\"og:description\" content=\"Dermaticista aponta alternativas para recuperar firmeza e vi\u00e7o O uso crescente das chamadas \u201ccanetas emagrecedoras\u201d, medicamentos injet\u00e1veis indicados para controle de peso, tem provocado uma transforma\u00e7\u00e3o n\u00e3o apenas no corpo, mas tamb\u00e9m na apar\u00eancia da pele, especialmente do rosto. Com o emagrecimento acelerado, efeitos como flacidez, aspecto murcho, perda de vi\u00e7o e redu\u00e7\u00e3o da elasticidade\" \/>\n<meta property=\"og:url\" content=\"https:\/\/www.diariodebordo.net\/?p=34940\" \/>\n<meta property=\"og:site_name\" content=\"Experi\u00eancias que conectam marcas, pessoas e momentos\" \/>\n<meta property=\"article:published_time\" content=\"2026-04-25T07:33:23+00:00\" \/>\n<meta property=\"article:modified_time\" content=\"2026-04-25T07:33:54+00:00\" \/>\n<meta property=\"og:image\" content=\"https:\/\/ci3.googleusercontent.com\/meips\/ADKq_Nb1RRrPePTSqoHtCIWR3vJ4OCiDNZCI0EjPyMo4gK1uQCl6uCLrRcQypn9yZszGu_tYQAqtQKv_jTqmJjWE31OIgrwQpW2zF7aufKlI9KHxbBgsGK_-tJdK0k2HCI4B7J23aHxTJlEm_4ZjbNRm3vA-e5TmTo5-KLZCVmYKO8n8udmzONIBkLGmo9ziaf9aQNTI5nTDzkeg06Xqo2F8=s0-d-e1-ft#https:\/\/files.pressmanager.net\/clientes\/78a6226814bd434feec7a26e89aa3faa\/imagens\/2026\/04\/24\/187f411dbdea0e5e3dbb75bda24f89c6_medium.jpg\" \/>\n<meta name=\"author\" content=\"Thiago Soares\" \/>\n<meta name=\"twitter:card\" content=\"summary_large_image\" \/>\n<meta name=\"twitter:label1\" content=\"Escrito por\" \/>\n\t<meta name=\"twitter:data1\" content=\"Thiago Soares\" \/>\n\t<meta name=\"twitter:label2\" content=\"Est. tempo de leitura\" \/>\n\t<meta name=\"twitter:data2\" content=\"3 minutos\" \/>\n<script type=\"application\/ld+json\" class=\"yoast-schema-graph\">{\"@context\":\"https:\\\/\\\/schema.org\",\"@graph\":[{\"@type\":\"Article\",\"@id\":\"https:\\\/\\\/www.diariodebordo.net\\\/?p=34940#article\",\"isPartOf\":{\"@id\":\"https:\\\/\\\/www.diariodebordo.net\\\/?p=34940\"},\"author\":{\"name\":\"Thiago Soares\",\"@id\":\"http:\\\/\\\/diariodebordo.net\\\/#\\\/schema\\\/person\\\/2983b623551b91c75a103029fb634a78\"},\"headline\":\"Perda de peso com as canetas emagrecedoras impacta diretamente na qualidade da pele\",\"datePublished\":\"2026-04-25T07:33:23+00:00\",\"dateModified\":\"2026-04-25T07:33:54+00:00\",\"mainEntityOfPage\":{\"@id\":\"https:\\\/\\\/www.diariodebordo.net\\\/?p=34940\"},\"wordCount\":535,\"commentCount\":0,\"publisher\":{\"@id\":\"http:\\\/\\\/diariodebordo.net\\\/#organization\"},\"image\":{\"@id\":\"https:\\\/\\\/www.diariodebordo.net\\\/?p=34940#primaryimage\"},\"thumbnailUrl\":\"https:\\\/\\\/ci3.googleusercontent.com\\\/meips\\\/ADKq_Nb1RRrPePTSqoHtCIWR3vJ4OCiDNZCI0EjPyMo4gK1uQCl6uCLrRcQypn9yZszGu_tYQAqtQKv_jTqmJjWE31OIgrwQpW2zF7aufKlI9KHxbBgsGK_-tJdK0k2HCI4B7J23aHxTJlEm_4ZjbNRm3vA-e5TmTo5-KLZCVmYKO8n8udmzONIBkLGmo9ziaf9aQNTI5nTDzkeg06Xqo2F8=s0-d-e1-ft#https:\\\/\\\/files.pressmanager.net\\\/clientes\\\/78a6226814bd434feec7a26e89aa3faa\\\/imagens\\\/2026\\\/04\\\/24\\\/187f411dbdea0e5e3dbb75bda24f89c6_medium.jpg\",\"articleSection\":[\"Brasil\",\"Dia-a-Dia\",\"SA\u00daDE\"],\"inLanguage\":\"pt-BR\",\"potentialAction\":[{\"@type\":\"CommentAction\",\"name\":\"Comment\",\"target\":[\"https:\\\/\\\/www.diariodebordo.net\\\/?p=34940#respond\"]}]},{\"@type\":\"WebPage\",\"@id\":\"https:\\\/\\\/www.diariodebordo.net\\\/?p=34940\",\"url\":\"https:\\\/\\\/www.diariodebordo.net\\\/?p=34940\",\"name\":\"Perda de peso com as canetas emagrecedoras impacta diretamente na qualidade da pele - Experi\u00eancias que conectam marcas, pessoas e momentos\",\"isPartOf\":{\"@id\":\"http:\\\/\\\/diariodebordo.net\\\/#website\"},\"primaryImageOfPage\":{\"@id\":\"https:\\\/\\\/www.diariodebordo.net\\\/?p=34940#primaryimage\"},\"image\":{\"@id\":\"https:\\\/\\\/www.diariodebordo.net\\\/?p=34940#primaryimage\"},\"thumbnailUrl\":\"https:\\\/\\\/ci3.googleusercontent.com\\\/meips\\\/ADKq_Nb1RRrPePTSqoHtCIWR3vJ4OCiDNZCI0EjPyMo4gK1uQCl6uCLrRcQypn9yZszGu_tYQAqtQKv_jTqmJjWE31OIgrwQpW2zF7aufKlI9KHxbBgsGK_-tJdK0k2HCI4B7J23aHxTJlEm_4ZjbNRm3vA-e5TmTo5-KLZCVmYKO8n8udmzONIBkLGmo9ziaf9aQNTI5nTDzkeg06Xqo2F8=s0-d-e1-ft#https:\\\/\\\/files.pressmanager.net\\\/clientes\\\/78a6226814bd434feec7a26e89aa3faa\\\/imagens\\\/2026\\\/04\\\/24\\\/187f411dbdea0e5e3dbb75bda24f89c6_medium.jpg\",\"datePublished\":\"2026-04-25T07:33:23+00:00\",\"dateModified\":\"2026-04-25T07:33:54+00:00\",\"breadcrumb\":{\"@id\":\"https:\\\/\\\/www.diariodebordo.net\\\/?p=34940#breadcrumb\"},\"inLanguage\":\"pt-BR\",\"potentialAction\":[{\"@type\":\"ReadAction\",\"target\":[\"https:\\\/\\\/www.diariodebordo.net\\\/?p=34940\"]}]},{\"@type\":\"ImageObject\",\"inLanguage\":\"pt-BR\",\"@id\":\"https:\\\/\\\/www.diariodebordo.net\\\/?p=34940#primaryimage\",\"url\":\"https:\\\/\\\/ci3.googleusercontent.com\\\/meips\\\/ADKq_Nb1RRrPePTSqoHtCIWR3vJ4OCiDNZCI0EjPyMo4gK1uQCl6uCLrRcQypn9yZszGu_tYQAqtQKv_jTqmJjWE31OIgrwQpW2zF7aufKlI9KHxbBgsGK_-tJdK0k2HCI4B7J23aHxTJlEm_4ZjbNRm3vA-e5TmTo5-KLZCVmYKO8n8udmzONIBkLGmo9ziaf9aQNTI5nTDzkeg06Xqo2F8=s0-d-e1-ft#https:\\\/\\\/files.pressmanager.net\\\/clientes\\\/78a6226814bd434feec7a26e89aa3faa\\\/imagens\\\/2026\\\/04\\\/24\\\/187f411dbdea0e5e3dbb75bda24f89c6_medium.jpg\",\"contentUrl\":\"https:\\\/\\\/ci3.googleusercontent.com\\\/meips\\\/ADKq_Nb1RRrPePTSqoHtCIWR3vJ4OCiDNZCI0EjPyMo4gK1uQCl6uCLrRcQypn9yZszGu_tYQAqtQKv_jTqmJjWE31OIgrwQpW2zF7aufKlI9KHxbBgsGK_-tJdK0k2HCI4B7J23aHxTJlEm_4ZjbNRm3vA-e5TmTo5-KLZCVmYKO8n8udmzONIBkLGmo9ziaf9aQNTI5nTDzkeg06Xqo2F8=s0-d-e1-ft#https:\\\/\\\/files.pressmanager.net\\\/clientes\\\/78a6226814bd434feec7a26e89aa3faa\\\/imagens\\\/2026\\\/04\\\/24\\\/187f411dbdea0e5e3dbb75bda24f89c6_medium.jpg\"},{\"@type\":\"BreadcrumbList\",\"@id\":\"https:\\\/\\\/www.diariodebordo.net\\\/?p=34940#breadcrumb\",\"itemListElement\":[{\"@type\":\"ListItem\",\"position\":1,\"name\":\"In\u00edcio\",\"item\":\"http:\\\/\\\/diariodebordo.net\\\/\"},{\"@type\":\"ListItem\",\"position\":2,\"name\":\"Perda de peso com as canetas emagrecedoras impacta diretamente na qualidade da pele\"}]},{\"@type\":\"WebSite\",\"@id\":\"http:\\\/\\\/diariodebordo.net\\\/#website\",\"url\":\"http:\\\/\\\/diariodebordo.net\\\/\",\"name\":\"Experi\u00eancias que conectam marcas, pessoas e momentos\",\"description\":\"M\u00eddia, eventos e conte\u00fado em uma plataforma que gera presen\u00e7a, relev\u00e2ncia e movimento.\",\"publisher\":{\"@id\":\"http:\\\/\\\/diariodebordo.net\\\/#organization\"},\"potentialAction\":[{\"@type\":\"SearchAction\",\"target\":{\"@type\":\"EntryPoint\",\"urlTemplate\":\"http:\\\/\\\/diariodebordo.net\\\/?s={search_term_string}\"},\"query-input\":{\"@type\":\"PropertyValueSpecification\",\"valueRequired\":true,\"valueName\":\"search_term_string\"}}],\"inLanguage\":\"pt-BR\"},{\"@type\":\"Organization\",\"@id\":\"http:\\\/\\\/diariodebordo.net\\\/#organization\",\"name\":\"Experi\u00eancias que conectam marcas, pessoas e momentos\",\"url\":\"http:\\\/\\\/diariodebordo.net\\\/\",\"logo\":{\"@type\":\"ImageObject\",\"inLanguage\":\"pt-BR\",\"@id\":\"http:\\\/\\\/diariodebordo.net\\\/#\\\/schema\\\/logo\\\/image\\\/\",\"url\":\"http:\\\/\\\/ftp.diariodebordo.net\\\/wp-content\\\/uploads\\\/2026\\\/04\\\/cropped-cropped-20260419_052322_0001-2.png\",\"contentUrl\":\"http:\\\/\\\/ftp.diariodebordo.net\\\/wp-content\\\/uploads\\\/2026\\\/04\\\/cropped-cropped-20260419_052322_0001-2.png\",\"width\":512,\"height\":214,\"caption\":\"Experi\u00eancias que conectam marcas, pessoas e momentos \"},\"image\":{\"@id\":\"http:\\\/\\\/diariodebordo.net\\\/#\\\/schema\\\/logo\\\/image\\\/\"}},{\"@type\":\"Person\",\"@id\":\"http:\\\/\\\/diariodebordo.net\\\/#\\\/schema\\\/person\\\/2983b623551b91c75a103029fb634a78\",\"name\":\"Thiago Soares\",\"image\":{\"@type\":\"ImageObject\",\"inLanguage\":\"pt-BR\",\"@id\":\"https:\\\/\\\/diariodebordo.net\\\/wp-content\\\/uploads\\\/2022\\\/09\\\/cropped-image9-96x96.jpg\",\"url\":\"https:\\\/\\\/diariodebordo.net\\\/wp-content\\\/uploads\\\/2022\\\/09\\\/cropped-image9-96x96.jpg\",\"contentUrl\":\"https:\\\/\\\/diariodebordo.net\\\/wp-content\\\/uploads\\\/2022\\\/09\\\/cropped-image9-96x96.jpg\",\"caption\":\"Thiago Soares\"},\"url\":\"http:\\\/\\\/ftp.diariodebordo.net\\\/?author=13\"}]}<\/script>\n<!-- \/ Yoast SEO plugin. -->","yoast_head_json":{"title":"Perda de peso com as canetas emagrecedoras impacta diretamente na qualidade da pele - Experi\u00eancias que conectam marcas, pessoas e momentos","robots":{"index":"index","follow":"follow","max-snippet":"max-snippet:-1","max-image-preview":"max-image-preview:large","max-video-preview":"max-video-preview:-1"},"canonical":"https:\/\/www.diariodebordo.net\/?p=34940","og_locale":"pt_BR","og_type":"article","og_title":"Perda de peso com as canetas emagrecedoras impacta diretamente na qualidade da pele - Experi\u00eancias que conectam marcas, pessoas e momentos","og_description":"Dermaticista aponta alternativas para recuperar firmeza e vi\u00e7o O uso crescente das chamadas \u201ccanetas emagrecedoras\u201d, medicamentos injet\u00e1veis indicados para controle de peso, tem provocado uma transforma\u00e7\u00e3o n\u00e3o apenas no corpo, mas tamb\u00e9m na apar\u00eancia da pele, especialmente do rosto. Com o emagrecimento acelerado, efeitos como flacidez, aspecto murcho, perda de vi\u00e7o e redu\u00e7\u00e3o da elasticidade","og_url":"https:\/\/www.diariodebordo.net\/?p=34940","og_site_name":"Experi\u00eancias que conectam marcas, pessoas e momentos","article_published_time":"2026-04-25T07:33:23+00:00","article_modified_time":"2026-04-25T07:33:54+00:00","og_image":[{"url":"https:\/\/ci3.googleusercontent.com\/meips\/ADKq_Nb1RRrPePTSqoHtCIWR3vJ4OCiDNZCI0EjPyMo4gK1uQCl6uCLrRcQypn9yZszGu_tYQAqtQKv_jTqmJjWE31OIgrwQpW2zF7aufKlI9KHxbBgsGK_-tJdK0k2HCI4B7J23aHxTJlEm_4ZjbNRm3vA-e5TmTo5-KLZCVmYKO8n8udmzONIBkLGmo9ziaf9aQNTI5nTDzkeg06Xqo2F8=s0-d-e1-ft#https:\/\/files.pressmanager.net\/clientes\/78a6226814bd434feec7a26e89aa3faa\/imagens\/2026\/04\/24\/187f411dbdea0e5e3dbb75bda24f89c6_medium.jpg","type":"","width":"","height":""}],"author":"Thiago Soares","twitter_card":"summary_large_image","twitter_misc":{"Escrito por":"Thiago Soares","Est. tempo de leitura":"3 minutos"},"schema":{"@context":"https:\/\/schema.org","@graph":[{"@type":"Article","@id":"https:\/\/www.diariodebordo.net\/?p=34940#article","isPartOf":{"@id":"https:\/\/www.diariodebordo.net\/?p=34940"},"author":{"name":"Thiago Soares","@id":"http:\/\/diariodebordo.net\/#\/schema\/person\/2983b623551b91c75a103029fb634a78"},"headline":"Perda de peso com as canetas emagrecedoras impacta diretamente na qualidade da pele","datePublished":"2026-04-25T07:33:23+00:00","dateModified":"2026-04-25T07:33:54+00:00","mainEntityOfPage":{"@id":"https:\/\/www.diariodebordo.net\/?p=34940"},"wordCount":535,"commentCount":0,"publisher":{"@id":"http:\/\/diariodebordo.net\/#organization"},"image":{"@id":"https:\/\/www.diariodebordo.net\/?p=34940#primaryimage"},"thumbnailUrl":"https:\/\/ci3.googleusercontent.com\/meips\/ADKq_Nb1RRrPePTSqoHtCIWR3vJ4OCiDNZCI0EjPyMo4gK1uQCl6uCLrRcQypn9yZszGu_tYQAqtQKv_jTqmJjWE31OIgrwQpW2zF7aufKlI9KHxbBgsGK_-tJdK0k2HCI4B7J23aHxTJlEm_4ZjbNRm3vA-e5TmTo5-KLZCVmYKO8n8udmzONIBkLGmo9ziaf9aQNTI5nTDzkeg06Xqo2F8=s0-d-e1-ft#https:\/\/files.pressmanager.net\/clientes\/78a6226814bd434feec7a26e89aa3faa\/imagens\/2026\/04\/24\/187f411dbdea0e5e3dbb75bda24f89c6_medium.jpg","articleSection":["Brasil","Dia-a-Dia","SA\u00daDE"],"inLanguage":"pt-BR","potentialAction":[{"@type":"CommentAction","name":"Comment","target":["https:\/\/www.diariodebordo.net\/?p=34940#respond"]}]},{"@type":"WebPage","@id":"https:\/\/www.diariodebordo.net\/?p=34940","url":"https:\/\/www.diariodebordo.net\/?p=34940","name":"Perda de peso com as canetas emagrecedoras impacta diretamente na qualidade da pele - Experi\u00eancias que conectam marcas, pessoas e momentos","isPartOf":{"@id":"http:\/\/diariodebordo.net\/#website"},"primaryImageOfPage":{"@id":"https:\/\/www.diariodebordo.net\/?p=34940#primaryimage"},"image":{"@id":"https:\/\/www.diariodebordo.net\/?p=34940#primaryimage"},"thumbnailUrl":"https:\/\/ci3.googleusercontent.com\/meips\/ADKq_Nb1RRrPePTSqoHtCIWR3vJ4OCiDNZCI0EjPyMo4gK1uQCl6uCLrRcQypn9yZszGu_tYQAqtQKv_jTqmJjWE31OIgrwQpW2zF7aufKlI9KHxbBgsGK_-tJdK0k2HCI4B7J23aHxTJlEm_4ZjbNRm3vA-e5TmTo5-KLZCVmYKO8n8udmzONIBkLGmo9ziaf9aQNTI5nTDzkeg06Xqo2F8=s0-d-e1-ft#https:\/\/files.pressmanager.net\/clientes\/78a6226814bd434feec7a26e89aa3faa\/imagens\/2026\/04\/24\/187f411dbdea0e5e3dbb75bda24f89c6_medium.jpg","datePublished":"2026-04-25T07:33:23+00:00","dateModified":"2026-04-25T07:33:54+00:00","breadcrumb":{"@id":"https:\/\/www.diariodebordo.net\/?p=34940#breadcrumb"},"inLanguage":"pt-BR","potentialAction":[{"@type":"ReadAction","target":["https:\/\/www.diariodebordo.net\/?p=34940"]}]},{"@type":"ImageObject","inLanguage":"pt-BR","@id":"https:\/\/www.diariodebordo.net\/?p=34940#primaryimage","url":"https:\/\/ci3.googleusercontent.com\/meips\/ADKq_Nb1RRrPePTSqoHtCIWR3vJ4OCiDNZCI0EjPyMo4gK1uQCl6uCLrRcQypn9yZszGu_tYQAqtQKv_jTqmJjWE31OIgrwQpW2zF7aufKlI9KHxbBgsGK_-tJdK0k2HCI4B7J23aHxTJlEm_4ZjbNRm3vA-e5TmTo5-KLZCVmYKO8n8udmzONIBkLGmo9ziaf9aQNTI5nTDzkeg06Xqo2F8=s0-d-e1-ft#https:\/\/files.pressmanager.net\/clientes\/78a6226814bd434feec7a26e89aa3faa\/imagens\/2026\/04\/24\/187f411dbdea0e5e3dbb75bda24f89c6_medium.jpg","contentUrl":"https:\/\/ci3.googleusercontent.com\/meips\/ADKq_Nb1RRrPePTSqoHtCIWR3vJ4OCiDNZCI0EjPyMo4gK1uQCl6uCLrRcQypn9yZszGu_tYQAqtQKv_jTqmJjWE31OIgrwQpW2zF7aufKlI9KHxbBgsGK_-tJdK0k2HCI4B7J23aHxTJlEm_4ZjbNRm3vA-e5TmTo5-KLZCVmYKO8n8udmzONIBkLGmo9ziaf9aQNTI5nTDzkeg06Xqo2F8=s0-d-e1-ft#https:\/\/files.pressmanager.net\/clientes\/78a6226814bd434feec7a26e89aa3faa\/imagens\/2026\/04\/24\/187f411dbdea0e5e3dbb75bda24f89c6_medium.jpg"},{"@type":"BreadcrumbList","@id":"https:\/\/www.diariodebordo.net\/?p=34940#breadcrumb","itemListElement":[{"@type":"ListItem","position":1,"name":"In\u00edcio","item":"http:\/\/diariodebordo.net\/"},{"@type":"ListItem","position":2,"name":"Perda de peso com as canetas emagrecedoras impacta diretamente na qualidade da pele"}]},{"@type":"WebSite","@id":"http:\/\/diariodebordo.net\/#website","url":"http:\/\/diariodebordo.net\/","name":"Experi\u00eancias que conectam marcas, pessoas e momentos","description":"M\u00eddia, eventos e conte\u00fado em uma plataforma que gera presen\u00e7a, relev\u00e2ncia e movimento.","publisher":{"@id":"http:\/\/diariodebordo.net\/#organization"},"potentialAction":[{"@type":"SearchAction","target":{"@type":"EntryPoint","urlTemplate":"http:\/\/diariodebordo.net\/?s={search_term_string}"},"query-input":{"@type":"PropertyValueSpecification","valueRequired":true,"valueName":"search_term_string"}}],"inLanguage":"pt-BR"},{"@type":"Organization","@id":"http:\/\/diariodebordo.net\/#organization","name":"Experi\u00eancias que conectam marcas, pessoas e momentos","url":"http:\/\/diariodebordo.net\/","logo":{"@type":"ImageObject","inLanguage":"pt-BR","@id":"http:\/\/diariodebordo.net\/#\/schema\/logo\/image\/","url":"http:\/\/ftp.diariodebordo.net\/wp-content\/uploads\/2026\/04\/cropped-cropped-20260419_052322_0001-2.png","contentUrl":"http:\/\/ftp.diariodebordo.net\/wp-content\/uploads\/2026\/04\/cropped-cropped-20260419_052322_0001-2.png","width":512,"height":214,"caption":"Experi\u00eancias que conectam marcas, pessoas e momentos "},"image":{"@id":"http:\/\/diariodebordo.net\/#\/schema\/logo\/image\/"}},{"@type":"Person","@id":"http:\/\/diariodebordo.net\/#\/schema\/person\/2983b623551b91c75a103029fb634a78","name":"Thiago Soares","image":{"@type":"ImageObject","inLanguage":"pt-BR","@id":"https:\/\/diariodebordo.net\/wp-content\/uploads\/2022\/09\/cropped-image9-96x96.jpg","url":"https:\/\/diariodebordo.net\/wp-content\/uploads\/2022\/09\/cropped-image9-96x96.jpg","contentUrl":"https:\/\/diariodebordo.net\/wp-content\/uploads\/2022\/09\/cropped-image9-96x96.jpg","caption":"Thiago Soares"},"url":"http:\/\/ftp.diariodebordo.net\/?author=13"}]}},"_links":{"self":[{"href":"http:\/\/ftp.diariodebordo.net\/index.php?rest_route=\/wp\/v2\/posts\/34940","targetHints":{"allow":["GET"]}}],"collection":[{"href":"http:\/\/ftp.diariodebordo.net\/index.php?rest_route=\/wp\/v2\/posts"}],"about":[{"href":"http:\/\/ftp.diariodebordo.net\/index.php?rest_route=\/wp\/v2\/types\/post"}],"author":[{"embeddable":true,"href":"http:\/\/ftp.diariodebordo.net\/index.php?rest_route=\/wp\/v2\/users\/13"}],"replies":[{"embeddable":true,"href":"http:\/\/ftp.diariodebordo.net\/index.php?rest_route=%2Fwp%2Fv2%2Fcomments&post=34940"}],"version-history":[{"count":1,"href":"http:\/\/ftp.diariodebordo.net\/index.php?rest_route=\/wp\/v2\/posts\/34940\/revisions"}],"predecessor-version":[{"id":34941,"href":"http:\/\/ftp.diariodebordo.net\/index.php?rest_route=\/wp\/v2\/posts\/34940\/revisions\/34941"}],"wp:attachment":[{"href":"http:\/\/ftp.diariodebordo.net\/index.php?rest_route=%2Fwp%2Fv2%2Fmedia&parent=34940"}],"wp:term":[{"taxonomy":"category","embeddable":true,"href":"http:\/\/ftp.diariodebordo.net\/index.php?rest_route=%2Fwp%2Fv2%2Fcategories&post=34940"},{"taxonomy":"post_tag","embeddable":true,"href":"http:\/\/ftp.diariodebordo.net\/index.php?rest_route=%2Fwp%2Fv2%2Ftags&post=34940"}],"curies":[{"name":"wp","href":"https:\/\/api.w.org\/{rel}","templated":true}]}}