{"id":34931,"date":"2026-04-25T16:19:08","date_gmt":"2026-04-25T19:19:08","guid":{"rendered":"https:\/\/diariodebordo.net\/?p=34931"},"modified":"2026-04-25T16:19:33","modified_gmt":"2026-04-25T19:19:33","slug":"o-dia-do-livro-e-o-silencio-das-estantes","status":"publish","type":"post","link":"http:\/\/ftp.diariodebordo.net\/?p=34931","title":{"rendered":"O dia do livro \u2014 e o sil\u00eancio das estantes"},"content":{"rendered":"<p style=\"text-align: left;\" data-start=\"0\" data-end=\"312\">No dia 23 de abril, marca-se o Dia Mundial do Livro. Ou melhor: n\u00e3o apenas se marca \u2014 deveria, de fato, ser celebrado com o entusiasmo de quem reconhece um velho amigo. Mas, na pr\u00e1tica, passa quase despercebido, como tantas outras datas que exigem mais do que um lembrete no calend\u00e1rio: exigem mudan\u00e7a de h\u00e1bito.<\/p>\n<p data-start=\"314\" data-end=\"651\">Ler, hoje, parece ser privil\u00e9gio de poucos. Entre jornadas de trabalho que se estendem al\u00e9m do hor\u00e1rio, a sobrecarga silenciosa de ser mulher \u2014 que acumula fun\u00e7\u00f5es, expectativas e cansa\u00e7os \u2014 e uma cultura que, muitas vezes, valoriza a pressa em detrimento da profundidade, o livro vai ficando para depois. E o \u201cdepois\u201d quase nunca chega.<\/p>\n<p data-start=\"653\" data-end=\"1104\">Mas nem sempre foi assim. O livro, como o conhecemos, nasceu de uma longa trajet\u00f3ria. Dos rolos de papiro do Egito Antigo, passando pelos c\u00f3dices manuscritos na Idade M\u00e9dia \u2014 copiados \u00e0 m\u00e3o por monges pacientes \u2014 at\u00e9 a revolu\u00e7\u00e3o provocada pela prensa de tipos m\u00f3veis de Johannes Gutenberg, no s\u00e9culo XV, que democratizou o acesso \u00e0 leitura. Desde ent\u00e3o, o livro deixou de ser objeto raro para se tornar ponte: entre tempos, culturas, ideias e pessoas.<\/p>\n<p data-start=\"1106\" data-end=\"1467\">E o que ele carrega n\u00e3o \u00e9 pouco. Nos livros est\u00e3o a informa\u00e7\u00e3o que esclarece, a cultura que amplia horizontes, o conhecimento espec\u00edfico que forma profissionais e o prazer quase \u00edntimo de se perder em outras vidas, outros mundos, outras vers\u00f5es de si mesmo. H\u00e1 livros que ensinam, outros que abra\u00e7am, e alguns que transformam \u2014 silenciosamente, mas para sempre.<\/p>\n<p data-start=\"1469\" data-end=\"1852\">E n\u00e3o \u00e9 s\u00f3 impress\u00e3o: o h\u00e1bito da leitura traz benef\u00edcios comprovados. Ler estimula o c\u00e9rebro, melhora a concentra\u00e7\u00e3o e a mem\u00f3ria, amplia o vocabul\u00e1rio, fortalece o pensamento cr\u00edtico e a capacidade de argumenta\u00e7\u00e3o. Al\u00e9m disso, reduz o estresse, melhora a qualidade do sono e desenvolve empatia \u2014 afinal, ao ler, vivemos experi\u00eancias que n\u00e3o s\u00e3o nossas, mas que passam a nos habitar.<\/p>\n<p data-start=\"1854\" data-end=\"2173\">Por isso, mesmo que pare\u00e7a dif\u00edcil, \u00e9 preciso insistir. Tentar. Recome\u00e7ar. Nem que seja uma p\u00e1gina por dia. E, mais do que isso, incentivar nossas crian\u00e7as e adolescentes a criarem esse v\u00ednculo desde cedo. N\u00e3o importa se \u00e9 no tablet, no celular ou no livro f\u00edsico com p\u00e1ginas j\u00e1 amareladas \u2014 o que importa \u00e9 o encontro.<\/p>\n<p data-start=\"2175\" data-end=\"2405\" data-is-last-node=\"\" data-is-only-node=\"\">Porque, no fim das contas, ler n\u00e3o \u00e9 apenas um h\u00e1bito: \u00e9 uma forma de permanecer humano em um mundo que vive correndo. E quem l\u00ea, nunca est\u00e1 sozinho \u2014 carrega consigo um universo inteiro, pronto para ser aberto a qualquer momento.<\/p>\n<p data-start=\"2175\" data-end=\"2405\" data-is-last-node=\"\" data-is-only-node=\"\">Professora Fabi Fortes<\/p>\n","protected":false},"excerpt":{"rendered":"<p>No dia 23 de abril, marca-se o Dia Mundial do Livro. Ou melhor: n\u00e3o apenas se marca \u2014 deveria, de fato, ser celebrado com o entusiasmo de quem reconhece um velho amigo. Mas, na pr\u00e1tica, passa quase despercebido, como tantas outras datas que exigem mais do que um lembrete no calend\u00e1rio: exigem mudan\u00e7a de h\u00e1bito.<\/p>\n","protected":false},"author":5,"featured_media":0,"comment_status":"open","ping_status":"open","sticky":true,"template":"","format":"standard","meta":{"_eb_attr":"","inline_featured_image":false,"_joinchat":[],"footnotes":""},"categories":[1,113],"tags":[],"class_list":["post-34931","post","type-post","status-publish","format-standard","hentry","category-dia-a-dia","category-educacao"],"acf":[],"yoast_head":"<!-- This site is optimized with the Yoast SEO plugin v27.5 - https:\/\/yoast.com\/product\/yoast-seo-wordpress\/ -->\n<title>O dia do livro \u2014 e o sil\u00eancio das estantes - Experi\u00eancias que conectam marcas, pessoas e momentos<\/title>\n<meta name=\"robots\" content=\"index, follow, max-snippet:-1, max-image-preview:large, max-video-preview:-1\" \/>\n<link rel=\"canonical\" href=\"https:\/\/www.diariodebordo.net\/?p=34931\" \/>\n<meta property=\"og:locale\" content=\"pt_BR\" \/>\n<meta property=\"og:type\" content=\"article\" \/>\n<meta property=\"og:title\" content=\"O dia do livro \u2014 e o sil\u00eancio das estantes - Experi\u00eancias que conectam marcas, pessoas e momentos\" \/>\n<meta property=\"og:description\" content=\"No dia 23 de abril, marca-se o Dia Mundial do Livro. Ou melhor: n\u00e3o apenas se marca \u2014 deveria, de fato, ser celebrado com o entusiasmo de quem reconhece um velho amigo. Mas, na pr\u00e1tica, passa quase despercebido, como tantas outras datas que exigem mais do que um lembrete no calend\u00e1rio: exigem mudan\u00e7a de h\u00e1bito.\" \/>\n<meta property=\"og:url\" content=\"https:\/\/www.diariodebordo.net\/?p=34931\" \/>\n<meta property=\"og:site_name\" content=\"Experi\u00eancias que conectam marcas, pessoas e momentos\" \/>\n<meta property=\"article:published_time\" content=\"2026-04-25T19:19:08+00:00\" \/>\n<meta property=\"article:modified_time\" content=\"2026-04-25T19:19:33+00:00\" \/>\n<meta name=\"author\" content=\"Fabi Fortes\" \/>\n<meta name=\"twitter:card\" content=\"summary_large_image\" \/>\n<meta name=\"twitter:label1\" content=\"Escrito por\" \/>\n\t<meta name=\"twitter:data1\" content=\"Fabi Fortes\" \/>\n\t<meta name=\"twitter:label2\" content=\"Est. tempo de leitura\" \/>\n\t<meta name=\"twitter:data2\" content=\"3 minutos\" \/>\n<script type=\"application\/ld+json\" class=\"yoast-schema-graph\">{\"@context\":\"https:\\\/\\\/schema.org\",\"@graph\":[{\"@type\":\"Article\",\"@id\":\"https:\\\/\\\/www.diariodebordo.net\\\/?p=34931#article\",\"isPartOf\":{\"@id\":\"https:\\\/\\\/www.diariodebordo.net\\\/?p=34931\"},\"author\":{\"name\":\"Fabi Fortes\",\"@id\":\"http:\\\/\\\/diariodebordo.net\\\/#\\\/schema\\\/person\\\/ca4aa5b8b8d89fd6dbd6e24d4220f23e\"},\"headline\":\"O dia do livro \u2014 e o sil\u00eancio das estantes\",\"datePublished\":\"2026-04-25T19:19:08+00:00\",\"dateModified\":\"2026-04-25T19:19:33+00:00\",\"mainEntityOfPage\":{\"@id\":\"https:\\\/\\\/www.diariodebordo.net\\\/?p=34931\"},\"wordCount\":453,\"commentCount\":0,\"publisher\":{\"@id\":\"http:\\\/\\\/diariodebordo.net\\\/#organization\"},\"articleSection\":[\"Dia-a-Dia\",\"EDUCA\u00c7\u00c3O\"],\"inLanguage\":\"pt-BR\",\"potentialAction\":[{\"@type\":\"CommentAction\",\"name\":\"Comment\",\"target\":[\"https:\\\/\\\/www.diariodebordo.net\\\/?p=34931#respond\"]}]},{\"@type\":\"WebPage\",\"@id\":\"https:\\\/\\\/www.diariodebordo.net\\\/?p=34931\",\"url\":\"https:\\\/\\\/www.diariodebordo.net\\\/?p=34931\",\"name\":\"O dia do livro \u2014 e o sil\u00eancio das estantes - Experi\u00eancias que conectam marcas, pessoas e momentos\",\"isPartOf\":{\"@id\":\"http:\\\/\\\/diariodebordo.net\\\/#website\"},\"datePublished\":\"2026-04-25T19:19:08+00:00\",\"dateModified\":\"2026-04-25T19:19:33+00:00\",\"breadcrumb\":{\"@id\":\"https:\\\/\\\/www.diariodebordo.net\\\/?p=34931#breadcrumb\"},\"inLanguage\":\"pt-BR\",\"potentialAction\":[{\"@type\":\"ReadAction\",\"target\":[\"https:\\\/\\\/www.diariodebordo.net\\\/?p=34931\"]}]},{\"@type\":\"BreadcrumbList\",\"@id\":\"https:\\\/\\\/www.diariodebordo.net\\\/?p=34931#breadcrumb\",\"itemListElement\":[{\"@type\":\"ListItem\",\"position\":1,\"name\":\"In\u00edcio\",\"item\":\"http:\\\/\\\/diariodebordo.net\\\/\"},{\"@type\":\"ListItem\",\"position\":2,\"name\":\"O dia do livro \u2014 e o sil\u00eancio das estantes\"}]},{\"@type\":\"WebSite\",\"@id\":\"http:\\\/\\\/diariodebordo.net\\\/#website\",\"url\":\"http:\\\/\\\/diariodebordo.net\\\/\",\"name\":\"Experi\u00eancias que conectam marcas, pessoas e momentos\",\"description\":\"M\u00eddia, eventos e conte\u00fado em uma plataforma que gera presen\u00e7a, relev\u00e2ncia e movimento.\",\"publisher\":{\"@id\":\"http:\\\/\\\/diariodebordo.net\\\/#organization\"},\"potentialAction\":[{\"@type\":\"SearchAction\",\"target\":{\"@type\":\"EntryPoint\",\"urlTemplate\":\"http:\\\/\\\/diariodebordo.net\\\/?s={search_term_string}\"},\"query-input\":{\"@type\":\"PropertyValueSpecification\",\"valueRequired\":true,\"valueName\":\"search_term_string\"}}],\"inLanguage\":\"pt-BR\"},{\"@type\":\"Organization\",\"@id\":\"http:\\\/\\\/diariodebordo.net\\\/#organization\",\"name\":\"Experi\u00eancias que conectam marcas, pessoas e momentos\",\"url\":\"http:\\\/\\\/diariodebordo.net\\\/\",\"logo\":{\"@type\":\"ImageObject\",\"inLanguage\":\"pt-BR\",\"@id\":\"http:\\\/\\\/diariodebordo.net\\\/#\\\/schema\\\/logo\\\/image\\\/\",\"url\":\"http:\\\/\\\/ftp.diariodebordo.net\\\/wp-content\\\/uploads\\\/2026\\\/04\\\/cropped-cropped-20260419_052322_0001-2.png\",\"contentUrl\":\"http:\\\/\\\/ftp.diariodebordo.net\\\/wp-content\\\/uploads\\\/2026\\\/04\\\/cropped-cropped-20260419_052322_0001-2.png\",\"width\":512,\"height\":214,\"caption\":\"Experi\u00eancias que conectam marcas, pessoas e momentos \"},\"image\":{\"@id\":\"http:\\\/\\\/diariodebordo.net\\\/#\\\/schema\\\/logo\\\/image\\\/\"}},{\"@type\":\"Person\",\"@id\":\"http:\\\/\\\/diariodebordo.net\\\/#\\\/schema\\\/person\\\/ca4aa5b8b8d89fd6dbd6e24d4220f23e\",\"name\":\"Fabi Fortes\",\"image\":{\"@type\":\"ImageObject\",\"inLanguage\":\"pt-BR\",\"@id\":\"https:\\\/\\\/diariodebordo.net\\\/wp-content\\\/uploads\\\/2022\\\/09\\\/image5-96x96.jpg\",\"url\":\"https:\\\/\\\/diariodebordo.net\\\/wp-content\\\/uploads\\\/2022\\\/09\\\/image5-96x96.jpg\",\"contentUrl\":\"https:\\\/\\\/diariodebordo.net\\\/wp-content\\\/uploads\\\/2022\\\/09\\\/image5-96x96.jpg\",\"caption\":\"Fabi Fortes\"},\"sameAs\":[\"https:\\\/\\\/www.instagram.com\\\/fabis.fortes\\\/\"],\"url\":\"http:\\\/\\\/ftp.diariodebordo.net\\\/?author=5\"}]}<\/script>\n<!-- \/ Yoast SEO plugin. -->","yoast_head_json":{"title":"O dia do livro \u2014 e o sil\u00eancio das estantes - Experi\u00eancias que conectam marcas, pessoas e momentos","robots":{"index":"index","follow":"follow","max-snippet":"max-snippet:-1","max-image-preview":"max-image-preview:large","max-video-preview":"max-video-preview:-1"},"canonical":"https:\/\/www.diariodebordo.net\/?p=34931","og_locale":"pt_BR","og_type":"article","og_title":"O dia do livro \u2014 e o sil\u00eancio das estantes - Experi\u00eancias que conectam marcas, pessoas e momentos","og_description":"No dia 23 de abril, marca-se o Dia Mundial do Livro. Ou melhor: n\u00e3o apenas se marca \u2014 deveria, de fato, ser celebrado com o entusiasmo de quem reconhece um velho amigo. Mas, na pr\u00e1tica, passa quase despercebido, como tantas outras datas que exigem mais do que um lembrete no calend\u00e1rio: exigem mudan\u00e7a de h\u00e1bito.","og_url":"https:\/\/www.diariodebordo.net\/?p=34931","og_site_name":"Experi\u00eancias que conectam marcas, pessoas e momentos","article_published_time":"2026-04-25T19:19:08+00:00","article_modified_time":"2026-04-25T19:19:33+00:00","author":"Fabi Fortes","twitter_card":"summary_large_image","twitter_misc":{"Escrito por":"Fabi Fortes","Est. tempo de leitura":"3 minutos"},"schema":{"@context":"https:\/\/schema.org","@graph":[{"@type":"Article","@id":"https:\/\/www.diariodebordo.net\/?p=34931#article","isPartOf":{"@id":"https:\/\/www.diariodebordo.net\/?p=34931"},"author":{"name":"Fabi Fortes","@id":"http:\/\/diariodebordo.net\/#\/schema\/person\/ca4aa5b8b8d89fd6dbd6e24d4220f23e"},"headline":"O dia do livro \u2014 e o sil\u00eancio das estantes","datePublished":"2026-04-25T19:19:08+00:00","dateModified":"2026-04-25T19:19:33+00:00","mainEntityOfPage":{"@id":"https:\/\/www.diariodebordo.net\/?p=34931"},"wordCount":453,"commentCount":0,"publisher":{"@id":"http:\/\/diariodebordo.net\/#organization"},"articleSection":["Dia-a-Dia","EDUCA\u00c7\u00c3O"],"inLanguage":"pt-BR","potentialAction":[{"@type":"CommentAction","name":"Comment","target":["https:\/\/www.diariodebordo.net\/?p=34931#respond"]}]},{"@type":"WebPage","@id":"https:\/\/www.diariodebordo.net\/?p=34931","url":"https:\/\/www.diariodebordo.net\/?p=34931","name":"O dia do livro \u2014 e o sil\u00eancio das estantes - Experi\u00eancias que conectam marcas, pessoas e momentos","isPartOf":{"@id":"http:\/\/diariodebordo.net\/#website"},"datePublished":"2026-04-25T19:19:08+00:00","dateModified":"2026-04-25T19:19:33+00:00","breadcrumb":{"@id":"https:\/\/www.diariodebordo.net\/?p=34931#breadcrumb"},"inLanguage":"pt-BR","potentialAction":[{"@type":"ReadAction","target":["https:\/\/www.diariodebordo.net\/?p=34931"]}]},{"@type":"BreadcrumbList","@id":"https:\/\/www.diariodebordo.net\/?p=34931#breadcrumb","itemListElement":[{"@type":"ListItem","position":1,"name":"In\u00edcio","item":"http:\/\/diariodebordo.net\/"},{"@type":"ListItem","position":2,"name":"O dia do livro \u2014 e o sil\u00eancio das estantes"}]},{"@type":"WebSite","@id":"http:\/\/diariodebordo.net\/#website","url":"http:\/\/diariodebordo.net\/","name":"Experi\u00eancias que conectam marcas, pessoas e momentos","description":"M\u00eddia, eventos e conte\u00fado em uma plataforma que gera presen\u00e7a, relev\u00e2ncia e movimento.","publisher":{"@id":"http:\/\/diariodebordo.net\/#organization"},"potentialAction":[{"@type":"SearchAction","target":{"@type":"EntryPoint","urlTemplate":"http:\/\/diariodebordo.net\/?s={search_term_string}"},"query-input":{"@type":"PropertyValueSpecification","valueRequired":true,"valueName":"search_term_string"}}],"inLanguage":"pt-BR"},{"@type":"Organization","@id":"http:\/\/diariodebordo.net\/#organization","name":"Experi\u00eancias que conectam marcas, pessoas e momentos","url":"http:\/\/diariodebordo.net\/","logo":{"@type":"ImageObject","inLanguage":"pt-BR","@id":"http:\/\/diariodebordo.net\/#\/schema\/logo\/image\/","url":"http:\/\/ftp.diariodebordo.net\/wp-content\/uploads\/2026\/04\/cropped-cropped-20260419_052322_0001-2.png","contentUrl":"http:\/\/ftp.diariodebordo.net\/wp-content\/uploads\/2026\/04\/cropped-cropped-20260419_052322_0001-2.png","width":512,"height":214,"caption":"Experi\u00eancias que conectam marcas, pessoas e momentos "},"image":{"@id":"http:\/\/diariodebordo.net\/#\/schema\/logo\/image\/"}},{"@type":"Person","@id":"http:\/\/diariodebordo.net\/#\/schema\/person\/ca4aa5b8b8d89fd6dbd6e24d4220f23e","name":"Fabi Fortes","image":{"@type":"ImageObject","inLanguage":"pt-BR","@id":"https:\/\/diariodebordo.net\/wp-content\/uploads\/2022\/09\/image5-96x96.jpg","url":"https:\/\/diariodebordo.net\/wp-content\/uploads\/2022\/09\/image5-96x96.jpg","contentUrl":"https:\/\/diariodebordo.net\/wp-content\/uploads\/2022\/09\/image5-96x96.jpg","caption":"Fabi Fortes"},"sameAs":["https:\/\/www.instagram.com\/fabis.fortes\/"],"url":"http:\/\/ftp.diariodebordo.net\/?author=5"}]}},"_links":{"self":[{"href":"http:\/\/ftp.diariodebordo.net\/index.php?rest_route=\/wp\/v2\/posts\/34931","targetHints":{"allow":["GET"]}}],"collection":[{"href":"http:\/\/ftp.diariodebordo.net\/index.php?rest_route=\/wp\/v2\/posts"}],"about":[{"href":"http:\/\/ftp.diariodebordo.net\/index.php?rest_route=\/wp\/v2\/types\/post"}],"author":[{"embeddable":true,"href":"http:\/\/ftp.diariodebordo.net\/index.php?rest_route=\/wp\/v2\/users\/5"}],"replies":[{"embeddable":true,"href":"http:\/\/ftp.diariodebordo.net\/index.php?rest_route=%2Fwp%2Fv2%2Fcomments&post=34931"}],"version-history":[{"count":3,"href":"http:\/\/ftp.diariodebordo.net\/index.php?rest_route=\/wp\/v2\/posts\/34931\/revisions"}],"predecessor-version":[{"id":34960,"href":"http:\/\/ftp.diariodebordo.net\/index.php?rest_route=\/wp\/v2\/posts\/34931\/revisions\/34960"}],"wp:attachment":[{"href":"http:\/\/ftp.diariodebordo.net\/index.php?rest_route=%2Fwp%2Fv2%2Fmedia&parent=34931"}],"wp:term":[{"taxonomy":"category","embeddable":true,"href":"http:\/\/ftp.diariodebordo.net\/index.php?rest_route=%2Fwp%2Fv2%2Fcategories&post=34931"},{"taxonomy":"post_tag","embeddable":true,"href":"http:\/\/ftp.diariodebordo.net\/index.php?rest_route=%2Fwp%2Fv2%2Ftags&post=34931"}],"curies":[{"name":"wp","href":"https:\/\/api.w.org\/{rel}","templated":true}]}}