{"id":34672,"date":"2026-03-09T21:43:05","date_gmt":"2026-03-10T00:43:05","guid":{"rendered":"https:\/\/www.diariodebordo.net\/?p=34672"},"modified":"2026-03-09T21:55:05","modified_gmt":"2026-03-10T00:55:05","slug":"camarote-lucca-rossi-celebracao-do-centenario-de-guaiba-com-legado-de-desenvolvimento","status":"publish","type":"post","link":"http:\/\/ftp.diariodebordo.net\/?p=34672","title":{"rendered":"CAMAROTE LUCCA ROSSI CELEBRA\u00c7\u00c3O DO CENTEN\u00c1RIO DE GUA\u00cdBA COM LEGADO DE DESENVOLVIMENTO"},"content":{"rendered":"<p><img loading=\"lazy\" decoding=\"async\" class=\"size-medium wp-image-34673 aligncenter\" src=\"https:\/\/www.diariodebordo.net\/wp-content\/uploads\/2026\/03\/3f9d0965-9ed9-49d8-bc70-a5e8116cf8e8-300x180.jpeg\" alt=\"\" width=\"300\" height=\"180\" srcset=\"http:\/\/ftp.diariodebordo.net\/wp-content\/uploads\/2026\/03\/3f9d0965-9ed9-49d8-bc70-a5e8116cf8e8-300x180.jpeg 300w, http:\/\/ftp.diariodebordo.net\/wp-content\/uploads\/2026\/03\/3f9d0965-9ed9-49d8-bc70-a5e8116cf8e8-1024x614.jpeg 1024w, http:\/\/ftp.diariodebordo.net\/wp-content\/uploads\/2026\/03\/3f9d0965-9ed9-49d8-bc70-a5e8116cf8e8-768x461.jpeg 768w, http:\/\/ftp.diariodebordo.net\/wp-content\/uploads\/2026\/03\/3f9d0965-9ed9-49d8-bc70-a5e8116cf8e8.jpeg 1080w\" sizes=\"auto, (max-width: 300px) 100vw, 300px\" \/><\/p>\n<p>O Carnaval Fora de \u00c9poca de Gua\u00edba, um dos eventos mais prestigiados do Rio Grande do Sul, prepara-se para receber uma edi\u00e7\u00e3o hist\u00f3rica em 2026, marcada pela celebra\u00e7\u00e3o do centen\u00e1rio da cidade. E, no cora\u00e7\u00e3o dessa festa grandiosa, um espa\u00e7o se destaca n\u00e3o apenas pela folia, mas por sua profunda vis\u00e3o de impacto social e cultural: o Camarote Lucca Rossi. Com data marcada para 14 de mar\u00e7o de 2026, a partir das 20h, na Avenida Nestor de Moura Jardim, em Gua\u00edba\/RS, o Camarote promete uma experi\u00eancia inesquec\u00edvel, que vai al\u00e9m da divers\u00e3o, solidificando relacionamentos e impulsionando o desenvolvimento local.<\/p>\n<p><img loading=\"lazy\" decoding=\"async\" class=\"size-medium wp-image-34674 aligncenter\" src=\"https:\/\/www.diariodebordo.net\/wp-content\/uploads\/2026\/03\/5c2a3da5-4e3f-4143-ad19-10caf06f2b6c-200x300.jpeg\" alt=\"\" width=\"200\" height=\"300\" srcset=\"http:\/\/ftp.diariodebordo.net\/wp-content\/uploads\/2026\/03\/5c2a3da5-4e3f-4143-ad19-10caf06f2b6c-200x300.jpeg 200w, http:\/\/ftp.diariodebordo.net\/wp-content\/uploads\/2026\/03\/5c2a3da5-4e3f-4143-ad19-10caf06f2b6c-683x1024.jpeg 683w, http:\/\/ftp.diariodebordo.net\/wp-content\/uploads\/2026\/03\/5c2a3da5-4e3f-4143-ad19-10caf06f2b6c-768x1152.jpeg 768w, http:\/\/ftp.diariodebordo.net\/wp-content\/uploads\/2026\/03\/5c2a3da5-4e3f-4143-ad19-10caf06f2b6c.jpeg 1024w\" sizes=\"auto, (max-width: 200px) 100vw, 200px\" \/><\/p>\n<p>O Camarote Lucca Rossi, reconhecido por sua excel\u00eancia emedi\u00e7\u00f5es anteriores, transcende a simples ideia de um evento carnavalesco. Ele se posiciona como um catalisador de manifesta\u00e7\u00f5es culturais, integrando lazer, entretenimento, gastronomia e, crucialmente, um ambiente prop\u00edcio para networking estrat\u00e9gico. Ao reunir formadores de opini\u00e3o, membros da gest\u00e3o p\u00fablica e do setor privado, e representantes da sociedade civil, o Camarote cria um ponto singular para a troca de ideias e a constru\u00e7\u00e3o de pontes para o futuro de Gua\u00edba e regi\u00e3o.<\/p>\n<p>O tema <b>&#8220;2126, um olhar para o futuro&#8221;<\/b> ressalta a ambi\u00e7\u00e3o do Camarote Lucca Rossi de n\u00e3o apenas celebrar o presente e o passado glorioso de Gua\u00edba em seu centen\u00e1rio, mas tamb\u00e9m de projetar e inspirar o seu pr\u00f3ximo s\u00e9culo. Lucca Rossi, idealizador do projeto, enfatiza a vis\u00e3o que impulsiona o Camarote: &#8220;O tema trouxe inspira\u00e7\u00e3o para que se reproduzisse o real significado e import\u00e2ncia da cidade se questionando sobre o que fizemos para contribuir para um futuro com qualidade de vida, com cuidados com meio ambiente, sa\u00fade e a tudo que estimule um desenvolvimento moderno e consciente. Ele adiciona um pilar fundamental: &#8220;Mantendo a inclus\u00e3o como tema primordial do encontro, onde todas as classes se igualam num bem comum a ser defendido.&#8221;<\/p>\n<p>Este evento \u00e9 uma aposta na transforma\u00e7\u00e3o da forma de ser foli\u00e3o, impactando positivamente a vida das pessoas com a responsabilidade de uma mudan\u00e7a coletiva. O Camarote Lucca Rossi, em 2026, \u00e9 um marco antecipat\u00f3rio desse futuro que se vislumbra para 2126, ao propor um espa\u00e7o onde o futuro \u00e9 pautado pela contribui\u00e7\u00e3o social. A vis\u00e3o \u00e9 audaciosa e se estende para al\u00e9m do presente, aspirando a um legado duradouro: o pr\u00f3prio documento vislumbra que, em um s\u00e9culo, a cidade se tornar\u00e1 um modelo de coes\u00e3o social, onde a diversidade \u00e9 celebrada e a colabora\u00e7\u00e3o entre os diferentes setores da sociedade \u00e9 a chave para o progresso cont\u00ednuo.<\/p>\n<p>&nbsp;<\/p>\n<p><b>Uma Experi\u00eancia Sensorial e Conectiva<\/b><\/p>\n<p>O espa\u00e7o, amplo e decorado, oferece acomoda\u00e7\u00f5es que garantem conforto e tranquilidade para aproveitar a folia em sua plenitude. A gastronomia e bebidas variadas para completar o open bar das 20h \u00e0s 03h, oferecendo chopp gelado, refrigerantes, \u00e1gua e uma sele\u00e7\u00e3o de drinks elaborados. O convite \u00e9 para um local de encontro onde o samba e a divers\u00e3o s\u00e3o o pano de fundo para fazer conex\u00f5es.<\/p>\n<p><b>Detalhes de Acesso e Log\u00edstica<\/b><\/p>\n<p>Para garantir que a experi\u00eancia seja impec\u00e1vel, o Camarote Lucca Rossi oferece diversas op\u00e7\u00f5es de acesso e transporte:<\/p>\n<ul>\n<li aria-level=\"1\"><b>T\u00e1xis e Aplicativos:<\/b> O acesso \u00e9 facilitado vindo no sentido BR x Centro, ao lado do Posto do Ivan, na Nestor de Moura Jardim, que servir\u00e1 como ponto de descida.<\/li>\n<li aria-level=\"1\"><b>Catamar\u00e3:<\/b> Pensando na comodidade, os primeiros 30 passageiros do \u00faltimo hor\u00e1rio do catamar\u00e3 (19h30) do dia 14 de mar\u00e7o ter\u00e3o acesso liberado ao Camarote, mediante apresenta\u00e7\u00e3o do comprovante de aquisi\u00e7\u00e3o do convite ou acesso.<\/li>\n<\/ul>\n<p>&#8220;Agradecemos desde j\u00e1 a aten\u00e7\u00e3o e apoio, e solicitamos todo o engajamento e dedica\u00e7\u00e3o para prestigiar o nosso espa\u00e7o, compartilhando a experi\u00eancia \u00fanica do Camarote Lucca Rossi e valorizando os nossos parceiros&#8221;, convida a organiza\u00e7\u00e3o.<\/p>\n<p>As escolhas de hoje moldam o amanh\u00e3. Como bem expressa Lucca Rossi: &#8220;Afinal, o presente \u00e9 o que passa, o passado \u00e9 o que fica e o futuro \u00e9 agora!&#8221;<\/p>\n<p><b>Link de Credenciamento Credenciamento: <\/b>O processo \u00e9 simples e focado em garantir a curadoria de um grupo seleto de profissionais que realmente far\u00e3o a diferen\u00e7a na cobertura do nosso evento.<b> <\/b>Esta \u00e9 a sua chance de ser parte da hist\u00f3ria, celebrando o Carnaval e o centen\u00e1rio de Gua\u00edba de uma maneira jamais vista. O <b>Camarote do Lucca \u00a0Rossi<\/b> espera por voc\u00ea para juntos fazermos um espet\u00e1culo!<\/p>\n<p><img loading=\"lazy\" decoding=\"async\" class=\"size-medium wp-image-34673 aligncenter\" src=\"https:\/\/www.diariodebordo.net\/wp-content\/uploads\/2026\/03\/3f9d0965-9ed9-49d8-bc70-a5e8116cf8e8-300x180.jpeg\" alt=\"\" width=\"300\" height=\"180\" srcset=\"http:\/\/ftp.diariodebordo.net\/wp-content\/uploads\/2026\/03\/3f9d0965-9ed9-49d8-bc70-a5e8116cf8e8-300x180.jpeg 300w, http:\/\/ftp.diariodebordo.net\/wp-content\/uploads\/2026\/03\/3f9d0965-9ed9-49d8-bc70-a5e8116cf8e8-1024x614.jpeg 1024w, http:\/\/ftp.diariodebordo.net\/wp-content\/uploads\/2026\/03\/3f9d0965-9ed9-49d8-bc70-a5e8116cf8e8-768x461.jpeg 768w, http:\/\/ftp.diariodebordo.net\/wp-content\/uploads\/2026\/03\/3f9d0965-9ed9-49d8-bc70-a5e8116cf8e8.jpeg 1080w\" sizes=\"auto, (max-width: 300px) 100vw, 300px\" \/><\/p>\n<p><b>Contato para a Imprensa:<\/b> Telefone: +55 51 991070809 E-mail: luccarossi@gmail.com Instagram: @camarotedolucca<\/p>\n<p>&nbsp;<\/p>\n<p>&nbsp;<\/p>\n","protected":false},"excerpt":{"rendered":"<p>O Carnaval Fora de \u00c9poca de Gua\u00edba, um dos eventos mais prestigiados do Rio Grande do Sul, prepara-se para receber uma edi\u00e7\u00e3o hist\u00f3rica em 2026, marcada pela celebra\u00e7\u00e3o do centen\u00e1rio da cidade. E, no cora\u00e7\u00e3o dessa festa grandiosa, um espa\u00e7o se destaca n\u00e3o apenas pela folia, mas por sua profunda vis\u00e3o de impacto social e<\/p>\n","protected":false},"author":2,"featured_media":0,"comment_status":"open","ping_status":"open","sticky":true,"template":"","format":"standard","meta":{"_eb_attr":"","inline_featured_image":false,"_joinchat":[],"footnotes":""},"categories":[156,157,68,63,89,119,65,162,187,62,101,184,102,181],"tags":[],"class_list":["post-34672","post","type-post","status-publish","format-standard","hentry","category-atualidades","category-capital-gaucha","category-cultura","category-destaques","category-entretenimento","category-eventos","category-noticia-recente","category-regiao-metropolitana-de-porto-alegre","category-rio-grande-do-sul","category-social","category-turismo","category-verao-2026","category-viagens","category-vips"],"acf":[],"yoast_head":"<!-- This site is optimized with the Yoast SEO plugin v27.5 - https:\/\/yoast.com\/product\/yoast-seo-wordpress\/ -->\n<title>CAMAROTE LUCCA ROSSI CELEBRA\u00c7\u00c3O DO CENTEN\u00c1RIO DE GUA\u00cdBA COM LEGADO DE DESENVOLVIMENTO - Experi\u00eancias que conectam marcas, pessoas e momentos<\/title>\n<meta name=\"robots\" content=\"index, follow, max-snippet:-1, max-image-preview:large, max-video-preview:-1\" \/>\n<link rel=\"canonical\" href=\"http:\/\/diariodebordo.net\/?p=34672\" \/>\n<meta property=\"og:locale\" content=\"pt_BR\" \/>\n<meta property=\"og:type\" content=\"article\" \/>\n<meta property=\"og:title\" content=\"CAMAROTE LUCCA ROSSI CELEBRA\u00c7\u00c3O DO CENTEN\u00c1RIO DE GUA\u00cdBA COM LEGADO DE DESENVOLVIMENTO - Experi\u00eancias que conectam marcas, pessoas e momentos\" \/>\n<meta property=\"og:description\" content=\"O Carnaval Fora de \u00c9poca de Gua\u00edba, um dos eventos mais prestigiados do Rio Grande do Sul, prepara-se para receber uma edi\u00e7\u00e3o hist\u00f3rica em 2026, marcada pela celebra\u00e7\u00e3o do centen\u00e1rio da cidade. E, no cora\u00e7\u00e3o dessa festa grandiosa, um espa\u00e7o se destaca n\u00e3o apenas pela folia, mas por sua profunda vis\u00e3o de impacto social e\" \/>\n<meta property=\"og:url\" content=\"http:\/\/diariodebordo.net\/?p=34672\" \/>\n<meta property=\"og:site_name\" content=\"Experi\u00eancias que conectam marcas, pessoas e momentos\" \/>\n<meta property=\"article:published_time\" content=\"2026-03-10T00:43:05+00:00\" \/>\n<meta property=\"article:modified_time\" content=\"2026-03-10T00:55:05+00:00\" \/>\n<meta property=\"og:image\" content=\"https:\/\/www.diariodebordo.net\/wp-content\/uploads\/2026\/03\/3f9d0965-9ed9-49d8-bc70-a5e8116cf8e8-300x180.jpeg\" \/>\n<meta name=\"author\" content=\"Bebeto Azevedo\" \/>\n<meta name=\"twitter:card\" content=\"summary_large_image\" \/>\n<meta name=\"twitter:label1\" content=\"Escrito por\" \/>\n\t<meta name=\"twitter:data1\" content=\"Bebeto Azevedo\" \/>\n\t<meta name=\"twitter:label2\" content=\"Est. tempo de leitura\" \/>\n\t<meta name=\"twitter:data2\" content=\"5 minutos\" \/>\n<script type=\"application\/ld+json\" class=\"yoast-schema-graph\">{\"@context\":\"https:\\\/\\\/schema.org\",\"@graph\":[{\"@type\":\"Article\",\"@id\":\"http:\\\/\\\/diariodebordo.net\\\/?p=34672#article\",\"isPartOf\":{\"@id\":\"http:\\\/\\\/diariodebordo.net\\\/?p=34672\"},\"author\":{\"name\":\"Bebeto Azevedo\",\"@id\":\"http:\\\/\\\/diariodebordo.net\\\/#\\\/schema\\\/person\\\/f7ac4c3cb0758b4042d9ee8b088132a7\"},\"headline\":\"CAMAROTE LUCCA ROSSI CELEBRA\u00c7\u00c3O DO CENTEN\u00c1RIO DE GUA\u00cdBA COM LEGADO DE DESENVOLVIMENTO\",\"datePublished\":\"2026-03-10T00:43:05+00:00\",\"dateModified\":\"2026-03-10T00:55:05+00:00\",\"mainEntityOfPage\":{\"@id\":\"http:\\\/\\\/diariodebordo.net\\\/?p=34672\"},\"wordCount\":787,\"commentCount\":0,\"publisher\":{\"@id\":\"http:\\\/\\\/diariodebordo.net\\\/#organization\"},\"image\":{\"@id\":\"http:\\\/\\\/diariodebordo.net\\\/?p=34672#primaryimage\"},\"thumbnailUrl\":\"https:\\\/\\\/www.diariodebordo.net\\\/wp-content\\\/uploads\\\/2026\\\/03\\\/3f9d0965-9ed9-49d8-bc70-a5e8116cf8e8-300x180.jpeg\",\"articleSection\":[\"ATUALIDADES\",\"CAPITAL GA\u00daCHA\",\"Cultura\",\"DESTAQUES\",\"ENTRETENIMENTO\",\"EVENTOS\",\"NOT\u00cdCIA RECENTE\",\"REGI\u00c3O METROPOLITANA DE PORTO ALEGRE\",\"Rio Grande do Sul\",\"Social\",\"Turismo\",\"Ver\u00e3o 2026\",\"Viagens\",\"VIPs\"],\"inLanguage\":\"pt-BR\",\"potentialAction\":[{\"@type\":\"CommentAction\",\"name\":\"Comment\",\"target\":[\"http:\\\/\\\/diariodebordo.net\\\/?p=34672#respond\"]}]},{\"@type\":\"WebPage\",\"@id\":\"http:\\\/\\\/diariodebordo.net\\\/?p=34672\",\"url\":\"http:\\\/\\\/diariodebordo.net\\\/?p=34672\",\"name\":\"CAMAROTE LUCCA ROSSI CELEBRA\u00c7\u00c3O DO CENTEN\u00c1RIO DE GUA\u00cdBA COM LEGADO DE DESENVOLVIMENTO - Experi\u00eancias que conectam marcas, pessoas e momentos\",\"isPartOf\":{\"@id\":\"http:\\\/\\\/diariodebordo.net\\\/#website\"},\"primaryImageOfPage\":{\"@id\":\"http:\\\/\\\/diariodebordo.net\\\/?p=34672#primaryimage\"},\"image\":{\"@id\":\"http:\\\/\\\/diariodebordo.net\\\/?p=34672#primaryimage\"},\"thumbnailUrl\":\"https:\\\/\\\/www.diariodebordo.net\\\/wp-content\\\/uploads\\\/2026\\\/03\\\/3f9d0965-9ed9-49d8-bc70-a5e8116cf8e8-300x180.jpeg\",\"datePublished\":\"2026-03-10T00:43:05+00:00\",\"dateModified\":\"2026-03-10T00:55:05+00:00\",\"breadcrumb\":{\"@id\":\"http:\\\/\\\/diariodebordo.net\\\/?p=34672#breadcrumb\"},\"inLanguage\":\"pt-BR\",\"potentialAction\":[{\"@type\":\"ReadAction\",\"target\":[\"http:\\\/\\\/diariodebordo.net\\\/?p=34672\"]}]},{\"@type\":\"ImageObject\",\"inLanguage\":\"pt-BR\",\"@id\":\"http:\\\/\\\/diariodebordo.net\\\/?p=34672#primaryimage\",\"url\":\"https:\\\/\\\/www.diariodebordo.net\\\/wp-content\\\/uploads\\\/2026\\\/03\\\/3f9d0965-9ed9-49d8-bc70-a5e8116cf8e8-300x180.jpeg\",\"contentUrl\":\"https:\\\/\\\/www.diariodebordo.net\\\/wp-content\\\/uploads\\\/2026\\\/03\\\/3f9d0965-9ed9-49d8-bc70-a5e8116cf8e8-300x180.jpeg\"},{\"@type\":\"BreadcrumbList\",\"@id\":\"http:\\\/\\\/diariodebordo.net\\\/?p=34672#breadcrumb\",\"itemListElement\":[{\"@type\":\"ListItem\",\"position\":1,\"name\":\"In\u00edcio\",\"item\":\"http:\\\/\\\/diariodebordo.net\\\/\"},{\"@type\":\"ListItem\",\"position\":2,\"name\":\"CAMAROTE LUCCA ROSSI CELEBRA\u00c7\u00c3O DO CENTEN\u00c1RIO DE GUA\u00cdBA COM LEGADO DE DESENVOLVIMENTO\"}]},{\"@type\":\"WebSite\",\"@id\":\"http:\\\/\\\/diariodebordo.net\\\/#website\",\"url\":\"http:\\\/\\\/diariodebordo.net\\\/\",\"name\":\"Experi\u00eancias que conectam marcas, pessoas e momentos\",\"description\":\"M\u00eddia, eventos e conte\u00fado em uma plataforma que gera presen\u00e7a, relev\u00e2ncia e movimento.\",\"publisher\":{\"@id\":\"http:\\\/\\\/diariodebordo.net\\\/#organization\"},\"potentialAction\":[{\"@type\":\"SearchAction\",\"target\":{\"@type\":\"EntryPoint\",\"urlTemplate\":\"http:\\\/\\\/diariodebordo.net\\\/?s={search_term_string}\"},\"query-input\":{\"@type\":\"PropertyValueSpecification\",\"valueRequired\":true,\"valueName\":\"search_term_string\"}}],\"inLanguage\":\"pt-BR\"},{\"@type\":\"Organization\",\"@id\":\"http:\\\/\\\/diariodebordo.net\\\/#organization\",\"name\":\"Experi\u00eancias que conectam marcas, pessoas e momentos\",\"url\":\"http:\\\/\\\/diariodebordo.net\\\/\",\"logo\":{\"@type\":\"ImageObject\",\"inLanguage\":\"pt-BR\",\"@id\":\"http:\\\/\\\/diariodebordo.net\\\/#\\\/schema\\\/logo\\\/image\\\/\",\"url\":\"http:\\\/\\\/ftp.diariodebordo.net\\\/wp-content\\\/uploads\\\/2026\\\/04\\\/cropped-cropped-20260419_052322_0001-2.png\",\"contentUrl\":\"http:\\\/\\\/ftp.diariodebordo.net\\\/wp-content\\\/uploads\\\/2026\\\/04\\\/cropped-cropped-20260419_052322_0001-2.png\",\"width\":512,\"height\":214,\"caption\":\"Experi\u00eancias que conectam marcas, pessoas e momentos \"},\"image\":{\"@id\":\"http:\\\/\\\/diariodebordo.net\\\/#\\\/schema\\\/logo\\\/image\\\/\"}},{\"@type\":\"Person\",\"@id\":\"http:\\\/\\\/diariodebordo.net\\\/#\\\/schema\\\/person\\\/f7ac4c3cb0758b4042d9ee8b088132a7\",\"name\":\"Bebeto Azevedo\",\"image\":{\"@type\":\"ImageObject\",\"inLanguage\":\"pt-BR\",\"@id\":\"https:\\\/\\\/diariodebordo.net\\\/wp-content\\\/uploads\\\/2022\\\/09\\\/image1-96x96.jpg\",\"url\":\"https:\\\/\\\/diariodebordo.net\\\/wp-content\\\/uploads\\\/2022\\\/09\\\/image1-96x96.jpg\",\"contentUrl\":\"https:\\\/\\\/diariodebordo.net\\\/wp-content\\\/uploads\\\/2022\\\/09\\\/image1-96x96.jpg\",\"caption\":\"Bebeto Azevedo\"},\"url\":\"http:\\\/\\\/ftp.diariodebordo.net\\\/?author=2\"}]}<\/script>\n<!-- \/ Yoast SEO plugin. -->","yoast_head_json":{"title":"CAMAROTE LUCCA ROSSI CELEBRA\u00c7\u00c3O DO CENTEN\u00c1RIO DE GUA\u00cdBA COM LEGADO DE DESENVOLVIMENTO - Experi\u00eancias que conectam marcas, pessoas e momentos","robots":{"index":"index","follow":"follow","max-snippet":"max-snippet:-1","max-image-preview":"max-image-preview:large","max-video-preview":"max-video-preview:-1"},"canonical":"http:\/\/diariodebordo.net\/?p=34672","og_locale":"pt_BR","og_type":"article","og_title":"CAMAROTE LUCCA ROSSI CELEBRA\u00c7\u00c3O DO CENTEN\u00c1RIO DE GUA\u00cdBA COM LEGADO DE DESENVOLVIMENTO - Experi\u00eancias que conectam marcas, pessoas e momentos","og_description":"O Carnaval Fora de \u00c9poca de Gua\u00edba, um dos eventos mais prestigiados do Rio Grande do Sul, prepara-se para receber uma edi\u00e7\u00e3o hist\u00f3rica em 2026, marcada pela celebra\u00e7\u00e3o do centen\u00e1rio da cidade. E, no cora\u00e7\u00e3o dessa festa grandiosa, um espa\u00e7o se destaca n\u00e3o apenas pela folia, mas por sua profunda vis\u00e3o de impacto social e","og_url":"http:\/\/diariodebordo.net\/?p=34672","og_site_name":"Experi\u00eancias que conectam marcas, pessoas e momentos","article_published_time":"2026-03-10T00:43:05+00:00","article_modified_time":"2026-03-10T00:55:05+00:00","og_image":[{"url":"https:\/\/www.diariodebordo.net\/wp-content\/uploads\/2026\/03\/3f9d0965-9ed9-49d8-bc70-a5e8116cf8e8-300x180.jpeg","type":"","width":"","height":""}],"author":"Bebeto Azevedo","twitter_card":"summary_large_image","twitter_misc":{"Escrito por":"Bebeto Azevedo","Est. tempo de leitura":"5 minutos"},"schema":{"@context":"https:\/\/schema.org","@graph":[{"@type":"Article","@id":"http:\/\/diariodebordo.net\/?p=34672#article","isPartOf":{"@id":"http:\/\/diariodebordo.net\/?p=34672"},"author":{"name":"Bebeto Azevedo","@id":"http:\/\/diariodebordo.net\/#\/schema\/person\/f7ac4c3cb0758b4042d9ee8b088132a7"},"headline":"CAMAROTE LUCCA ROSSI CELEBRA\u00c7\u00c3O DO CENTEN\u00c1RIO DE GUA\u00cdBA COM LEGADO DE DESENVOLVIMENTO","datePublished":"2026-03-10T00:43:05+00:00","dateModified":"2026-03-10T00:55:05+00:00","mainEntityOfPage":{"@id":"http:\/\/diariodebordo.net\/?p=34672"},"wordCount":787,"commentCount":0,"publisher":{"@id":"http:\/\/diariodebordo.net\/#organization"},"image":{"@id":"http:\/\/diariodebordo.net\/?p=34672#primaryimage"},"thumbnailUrl":"https:\/\/www.diariodebordo.net\/wp-content\/uploads\/2026\/03\/3f9d0965-9ed9-49d8-bc70-a5e8116cf8e8-300x180.jpeg","articleSection":["ATUALIDADES","CAPITAL GA\u00daCHA","Cultura","DESTAQUES","ENTRETENIMENTO","EVENTOS","NOT\u00cdCIA RECENTE","REGI\u00c3O METROPOLITANA DE PORTO ALEGRE","Rio Grande do Sul","Social","Turismo","Ver\u00e3o 2026","Viagens","VIPs"],"inLanguage":"pt-BR","potentialAction":[{"@type":"CommentAction","name":"Comment","target":["http:\/\/diariodebordo.net\/?p=34672#respond"]}]},{"@type":"WebPage","@id":"http:\/\/diariodebordo.net\/?p=34672","url":"http:\/\/diariodebordo.net\/?p=34672","name":"CAMAROTE LUCCA ROSSI CELEBRA\u00c7\u00c3O DO CENTEN\u00c1RIO DE GUA\u00cdBA COM LEGADO DE DESENVOLVIMENTO - Experi\u00eancias que conectam marcas, pessoas e momentos","isPartOf":{"@id":"http:\/\/diariodebordo.net\/#website"},"primaryImageOfPage":{"@id":"http:\/\/diariodebordo.net\/?p=34672#primaryimage"},"image":{"@id":"http:\/\/diariodebordo.net\/?p=34672#primaryimage"},"thumbnailUrl":"https:\/\/www.diariodebordo.net\/wp-content\/uploads\/2026\/03\/3f9d0965-9ed9-49d8-bc70-a5e8116cf8e8-300x180.jpeg","datePublished":"2026-03-10T00:43:05+00:00","dateModified":"2026-03-10T00:55:05+00:00","breadcrumb":{"@id":"http:\/\/diariodebordo.net\/?p=34672#breadcrumb"},"inLanguage":"pt-BR","potentialAction":[{"@type":"ReadAction","target":["http:\/\/diariodebordo.net\/?p=34672"]}]},{"@type":"ImageObject","inLanguage":"pt-BR","@id":"http:\/\/diariodebordo.net\/?p=34672#primaryimage","url":"https:\/\/www.diariodebordo.net\/wp-content\/uploads\/2026\/03\/3f9d0965-9ed9-49d8-bc70-a5e8116cf8e8-300x180.jpeg","contentUrl":"https:\/\/www.diariodebordo.net\/wp-content\/uploads\/2026\/03\/3f9d0965-9ed9-49d8-bc70-a5e8116cf8e8-300x180.jpeg"},{"@type":"BreadcrumbList","@id":"http:\/\/diariodebordo.net\/?p=34672#breadcrumb","itemListElement":[{"@type":"ListItem","position":1,"name":"In\u00edcio","item":"http:\/\/diariodebordo.net\/"},{"@type":"ListItem","position":2,"name":"CAMAROTE LUCCA ROSSI CELEBRA\u00c7\u00c3O DO CENTEN\u00c1RIO DE GUA\u00cdBA COM LEGADO DE DESENVOLVIMENTO"}]},{"@type":"WebSite","@id":"http:\/\/diariodebordo.net\/#website","url":"http:\/\/diariodebordo.net\/","name":"Experi\u00eancias que conectam marcas, pessoas e momentos","description":"M\u00eddia, eventos e conte\u00fado em uma plataforma que gera presen\u00e7a, relev\u00e2ncia e movimento.","publisher":{"@id":"http:\/\/diariodebordo.net\/#organization"},"potentialAction":[{"@type":"SearchAction","target":{"@type":"EntryPoint","urlTemplate":"http:\/\/diariodebordo.net\/?s={search_term_string}"},"query-input":{"@type":"PropertyValueSpecification","valueRequired":true,"valueName":"search_term_string"}}],"inLanguage":"pt-BR"},{"@type":"Organization","@id":"http:\/\/diariodebordo.net\/#organization","name":"Experi\u00eancias que conectam marcas, pessoas e momentos","url":"http:\/\/diariodebordo.net\/","logo":{"@type":"ImageObject","inLanguage":"pt-BR","@id":"http:\/\/diariodebordo.net\/#\/schema\/logo\/image\/","url":"http:\/\/ftp.diariodebordo.net\/wp-content\/uploads\/2026\/04\/cropped-cropped-20260419_052322_0001-2.png","contentUrl":"http:\/\/ftp.diariodebordo.net\/wp-content\/uploads\/2026\/04\/cropped-cropped-20260419_052322_0001-2.png","width":512,"height":214,"caption":"Experi\u00eancias que conectam marcas, pessoas e momentos "},"image":{"@id":"http:\/\/diariodebordo.net\/#\/schema\/logo\/image\/"}},{"@type":"Person","@id":"http:\/\/diariodebordo.net\/#\/schema\/person\/f7ac4c3cb0758b4042d9ee8b088132a7","name":"Bebeto Azevedo","image":{"@type":"ImageObject","inLanguage":"pt-BR","@id":"https:\/\/diariodebordo.net\/wp-content\/uploads\/2022\/09\/image1-96x96.jpg","url":"https:\/\/diariodebordo.net\/wp-content\/uploads\/2022\/09\/image1-96x96.jpg","contentUrl":"https:\/\/diariodebordo.net\/wp-content\/uploads\/2022\/09\/image1-96x96.jpg","caption":"Bebeto Azevedo"},"url":"http:\/\/ftp.diariodebordo.net\/?author=2"}]}},"_links":{"self":[{"href":"http:\/\/ftp.diariodebordo.net\/index.php?rest_route=\/wp\/v2\/posts\/34672","targetHints":{"allow":["GET"]}}],"collection":[{"href":"http:\/\/ftp.diariodebordo.net\/index.php?rest_route=\/wp\/v2\/posts"}],"about":[{"href":"http:\/\/ftp.diariodebordo.net\/index.php?rest_route=\/wp\/v2\/types\/post"}],"author":[{"embeddable":true,"href":"http:\/\/ftp.diariodebordo.net\/index.php?rest_route=\/wp\/v2\/users\/2"}],"replies":[{"embeddable":true,"href":"http:\/\/ftp.diariodebordo.net\/index.php?rest_route=%2Fwp%2Fv2%2Fcomments&post=34672"}],"version-history":[{"count":6,"href":"http:\/\/ftp.diariodebordo.net\/index.php?rest_route=\/wp\/v2\/posts\/34672\/revisions"}],"predecessor-version":[{"id":34681,"href":"http:\/\/ftp.diariodebordo.net\/index.php?rest_route=\/wp\/v2\/posts\/34672\/revisions\/34681"}],"wp:attachment":[{"href":"http:\/\/ftp.diariodebordo.net\/index.php?rest_route=%2Fwp%2Fv2%2Fmedia&parent=34672"}],"wp:term":[{"taxonomy":"category","embeddable":true,"href":"http:\/\/ftp.diariodebordo.net\/index.php?rest_route=%2Fwp%2Fv2%2Fcategories&post=34672"},{"taxonomy":"post_tag","embeddable":true,"href":"http:\/\/ftp.diariodebordo.net\/index.php?rest_route=%2Fwp%2Fv2%2Ftags&post=34672"}],"curies":[{"name":"wp","href":"https:\/\/api.w.org\/{rel}","templated":true}]}}