{"id":34631,"date":"2026-03-09T16:44:04","date_gmt":"2026-03-09T19:44:04","guid":{"rendered":"https:\/\/www.diariodebordo.net\/?p=34631"},"modified":"2026-03-09T16:44:04","modified_gmt":"2026-03-09T19:44:04","slug":"setcergs-retoma-sos-carreta-solidaria-para-apoiar-familias-atingidas-pelas-chuvas-em-minas-gerais","status":"publish","type":"post","link":"http:\/\/ftp.diariodebordo.net\/?p=34631","title":{"rendered":"SETCERGS retoma SOS Carreta Solid\u00e1ria para apoiar fam\u00edlias atingidas pelas chuvas em Minas Gerais"},"content":{"rendered":"<div>\n<p dir=\"ltr\"><img loading=\"lazy\" decoding=\"async\" class=\"size-medium wp-image-34632 aligncenter\" src=\"https:\/\/www.diariodebordo.net\/wp-content\/uploads\/2026\/03\/Doacao-de-roupas_-300x200.jpg\" alt=\"\" width=\"300\" height=\"200\" srcset=\"http:\/\/ftp.diariodebordo.net\/wp-content\/uploads\/2026\/03\/Doacao-de-roupas_-300x200.jpg 300w, http:\/\/ftp.diariodebordo.net\/wp-content\/uploads\/2026\/03\/Doacao-de-roupas_-1024x683.jpg 1024w, http:\/\/ftp.diariodebordo.net\/wp-content\/uploads\/2026\/03\/Doacao-de-roupas_-768x513.jpg 768w, http:\/\/ftp.diariodebordo.net\/wp-content\/uploads\/2026\/03\/Doacao-de-roupas_-1536x1025.jpg 1536w, http:\/\/ftp.diariodebordo.net\/wp-content\/uploads\/2026\/03\/Doacao-de-roupas_-2048x1367.jpg 2048w\" sizes=\"auto, (max-width: 300px) 100vw, 300px\" \/>As fortes chuvas que atingiram Minas Gerais nos \u00faltimos dias deixaram um cen\u00e1rio de destrui\u00e7\u00e3o em diversas cidades do estado. Munic\u00edpios como Juiz de Fora e Ub\u00e1 enfrentam alagamentos, deslizamentos de terra, danos \u00e0 infraestrutura e dezenas de fam\u00edlias desalojadas. A gravidade da situa\u00e7\u00e3o mobiliza autoridades e equipes de resgate, mas a dimens\u00e3o dos preju\u00edzos exige o apoio de toda a sociedade.<\/p>\n<p dir=\"ltr\">Diante desse contexto, o SETCERGS anunciou a retomada da a\u00e7\u00e3o social\u00a0SOS Carreta Solid\u00e1ria, iniciativa que marcou a atua\u00e7\u00e3o da entidade em momentos desafiadores e que agora retorna como gesto de reconhecimento ao apoio recebido durante as enchentes que atingiram o Rio Grande do Sul em 2024.<\/p>\n<p dir=\"ltr\">Nesta primeira mobiliza\u00e7\u00e3o, as doa\u00e7\u00f5es arrecadadas ser\u00e3o destinadas \u00e0s fam\u00edlias mineiras afetadas pelas chuvas. A a\u00e7\u00e3o refor\u00e7a o esp\u00edrito de uni\u00e3o entre os estados e evidencia o papel essencial do transporte rodovi\u00e1rio de cargas, n\u00e3o apenas para a economia, mas tamb\u00e9m como elo estrat\u00e9gico no apoio humanit\u00e1rio em situa\u00e7\u00f5es de emerg\u00eancia.<\/p>\n<p dir=\"ltr\">Mais uma vez, a estrutura log\u00edstica do setor ser\u00e1 colocada a servi\u00e7o de quem mais precisa, transformando cada doa\u00e7\u00e3o em esperan\u00e7a e reconstru\u00e7\u00e3o.<\/p>\n<p dir=\"ltr\">A primeira etapa da a\u00e7\u00e3o ocorre de\u00a002 a 06 de mar\u00e7o, com o SETCERGS atuando como ponto oficial de coleta em sua sede, na\u00a0<a href=\"https:\/\/www.google.com\/maps\/search\/Av.+S%C3%A3o+Pedro,+1420?entry=gmail&amp;source=g\">Av. S\u00e3o Pedro, 1420<\/a>, em Porto Alegre. Durante esse per\u00edodo, empres\u00e1rios, motoristas, colaboradores e parceiros do setor est\u00e3o convidados a contribuir com:<\/p>\n<ul>\n<li dir=\"ltr\">\n<p dir=\"ltr\" role=\"presentation\">Alimentos n\u00e3o perec\u00edveis<\/p>\n<\/li>\n<li dir=\"ltr\">\n<p dir=\"ltr\" role=\"presentation\">\u00c1gua pot\u00e1vel<\/p>\n<\/li>\n<li dir=\"ltr\">\n<p dir=\"ltr\" role=\"presentation\">Produtos de higiene pessoal<\/p>\n<\/li>\n<li dir=\"ltr\">\n<p dir=\"ltr\" role=\"presentation\">Roupas<\/p>\n<\/li>\n<li dir=\"ltr\">\n<p dir=\"ltr\" role=\"presentation\">Itens de primeira necessidade<\/p>\n<\/li>\n<\/ul>\n<p dir=\"ltr\">De acordo com o presidente do SETCERGS, Demar Albarello, mais do que transportar cargas, o setor demonstra que tamb\u00e9m transporta solidariedade. \u201cO momento \u00e9 de uni\u00e3o, empatia e mobiliza\u00e7\u00e3o. Quando o transporte se une, a ajuda chega mais longe\u201d, diz.<\/p>\n<\/div>\n<div><\/div>\n","protected":false},"excerpt":{"rendered":"<p>As fortes chuvas que atingiram Minas Gerais nos \u00faltimos dias deixaram um cen\u00e1rio de destrui\u00e7\u00e3o em diversas cidades do estado. Munic\u00edpios como Juiz de Fora e Ub\u00e1 enfrentam alagamentos, deslizamentos de terra, danos \u00e0 infraestrutura e dezenas de fam\u00edlias desalojadas. A gravidade da situa\u00e7\u00e3o mobiliza autoridades e equipes de resgate, mas a dimens\u00e3o dos preju\u00edzos<\/p>\n","protected":false},"author":13,"featured_media":0,"comment_status":"open","ping_status":"open","sticky":true,"template":"","format":"standard","meta":{"_eb_attr":"","inline_featured_image":false,"_joinchat":[],"footnotes":""},"categories":[1],"tags":[],"class_list":["post-34631","post","type-post","status-publish","format-standard","hentry","category-dia-a-dia"],"acf":[],"yoast_head":"<!-- This site is optimized with the Yoast SEO plugin v27.5 - https:\/\/yoast.com\/product\/yoast-seo-wordpress\/ -->\n<title>SETCERGS retoma SOS Carreta Solid\u00e1ria para apoiar fam\u00edlias atingidas pelas chuvas em Minas Gerais - Experi\u00eancias que conectam marcas, pessoas e momentos<\/title>\n<meta name=\"robots\" content=\"index, follow, max-snippet:-1, max-image-preview:large, max-video-preview:-1\" \/>\n<link rel=\"canonical\" href=\"http:\/\/diariodebordo.net\/?p=34631\" \/>\n<meta property=\"og:locale\" content=\"pt_BR\" \/>\n<meta property=\"og:type\" content=\"article\" \/>\n<meta property=\"og:title\" content=\"SETCERGS retoma SOS Carreta Solid\u00e1ria para apoiar fam\u00edlias atingidas pelas chuvas em Minas Gerais - Experi\u00eancias que conectam marcas, pessoas e momentos\" \/>\n<meta property=\"og:description\" content=\"As fortes chuvas que atingiram Minas Gerais nos \u00faltimos dias deixaram um cen\u00e1rio de destrui\u00e7\u00e3o em diversas cidades do estado. Munic\u00edpios como Juiz de Fora e Ub\u00e1 enfrentam alagamentos, deslizamentos de terra, danos \u00e0 infraestrutura e dezenas de fam\u00edlias desalojadas. A gravidade da situa\u00e7\u00e3o mobiliza autoridades e equipes de resgate, mas a dimens\u00e3o dos preju\u00edzos\" \/>\n<meta property=\"og:url\" content=\"http:\/\/diariodebordo.net\/?p=34631\" \/>\n<meta property=\"og:site_name\" content=\"Experi\u00eancias que conectam marcas, pessoas e momentos\" \/>\n<meta property=\"article:published_time\" content=\"2026-03-09T19:44:04+00:00\" \/>\n<meta property=\"og:image\" content=\"https:\/\/www.diariodebordo.net\/wp-content\/uploads\/2026\/03\/Doacao-de-roupas_-300x200.jpg\" \/>\n<meta name=\"author\" content=\"Thiago Soares\" \/>\n<meta name=\"twitter:card\" content=\"summary_large_image\" \/>\n<meta name=\"twitter:label1\" content=\"Escrito por\" \/>\n\t<meta name=\"twitter:data1\" content=\"Thiago Soares\" \/>\n\t<meta name=\"twitter:label2\" content=\"Est. tempo de leitura\" \/>\n\t<meta name=\"twitter:data2\" content=\"2 minutos\" \/>\n<script type=\"application\/ld+json\" class=\"yoast-schema-graph\">{\"@context\":\"https:\\\/\\\/schema.org\",\"@graph\":[{\"@type\":\"Article\",\"@id\":\"http:\\\/\\\/diariodebordo.net\\\/?p=34631#article\",\"isPartOf\":{\"@id\":\"http:\\\/\\\/diariodebordo.net\\\/?p=34631\"},\"author\":{\"name\":\"Thiago Soares\",\"@id\":\"http:\\\/\\\/diariodebordo.net\\\/#\\\/schema\\\/person\\\/2983b623551b91c75a103029fb634a78\"},\"headline\":\"SETCERGS retoma SOS Carreta Solid\u00e1ria para apoiar fam\u00edlias atingidas pelas chuvas em Minas Gerais\",\"datePublished\":\"2026-03-09T19:44:04+00:00\",\"mainEntityOfPage\":{\"@id\":\"http:\\\/\\\/diariodebordo.net\\\/?p=34631\"},\"wordCount\":336,\"commentCount\":0,\"publisher\":{\"@id\":\"http:\\\/\\\/diariodebordo.net\\\/#organization\"},\"image\":{\"@id\":\"http:\\\/\\\/diariodebordo.net\\\/?p=34631#primaryimage\"},\"thumbnailUrl\":\"https:\\\/\\\/www.diariodebordo.net\\\/wp-content\\\/uploads\\\/2026\\\/03\\\/Doacao-de-roupas_-300x200.jpg\",\"articleSection\":[\"Dia-a-Dia\"],\"inLanguage\":\"pt-BR\",\"potentialAction\":[{\"@type\":\"CommentAction\",\"name\":\"Comment\",\"target\":[\"http:\\\/\\\/diariodebordo.net\\\/?p=34631#respond\"]}]},{\"@type\":\"WebPage\",\"@id\":\"http:\\\/\\\/diariodebordo.net\\\/?p=34631\",\"url\":\"http:\\\/\\\/diariodebordo.net\\\/?p=34631\",\"name\":\"SETCERGS retoma SOS Carreta Solid\u00e1ria para apoiar fam\u00edlias atingidas pelas chuvas em Minas Gerais - Experi\u00eancias que conectam marcas, pessoas e momentos\",\"isPartOf\":{\"@id\":\"http:\\\/\\\/diariodebordo.net\\\/#website\"},\"primaryImageOfPage\":{\"@id\":\"http:\\\/\\\/diariodebordo.net\\\/?p=34631#primaryimage\"},\"image\":{\"@id\":\"http:\\\/\\\/diariodebordo.net\\\/?p=34631#primaryimage\"},\"thumbnailUrl\":\"https:\\\/\\\/www.diariodebordo.net\\\/wp-content\\\/uploads\\\/2026\\\/03\\\/Doacao-de-roupas_-300x200.jpg\",\"datePublished\":\"2026-03-09T19:44:04+00:00\",\"breadcrumb\":{\"@id\":\"http:\\\/\\\/diariodebordo.net\\\/?p=34631#breadcrumb\"},\"inLanguage\":\"pt-BR\",\"potentialAction\":[{\"@type\":\"ReadAction\",\"target\":[\"http:\\\/\\\/diariodebordo.net\\\/?p=34631\"]}]},{\"@type\":\"ImageObject\",\"inLanguage\":\"pt-BR\",\"@id\":\"http:\\\/\\\/diariodebordo.net\\\/?p=34631#primaryimage\",\"url\":\"https:\\\/\\\/www.diariodebordo.net\\\/wp-content\\\/uploads\\\/2026\\\/03\\\/Doacao-de-roupas_-300x200.jpg\",\"contentUrl\":\"https:\\\/\\\/www.diariodebordo.net\\\/wp-content\\\/uploads\\\/2026\\\/03\\\/Doacao-de-roupas_-300x200.jpg\"},{\"@type\":\"BreadcrumbList\",\"@id\":\"http:\\\/\\\/diariodebordo.net\\\/?p=34631#breadcrumb\",\"itemListElement\":[{\"@type\":\"ListItem\",\"position\":1,\"name\":\"In\u00edcio\",\"item\":\"http:\\\/\\\/diariodebordo.net\\\/\"},{\"@type\":\"ListItem\",\"position\":2,\"name\":\"SETCERGS retoma SOS Carreta Solid\u00e1ria para apoiar fam\u00edlias atingidas pelas chuvas em Minas Gerais\"}]},{\"@type\":\"WebSite\",\"@id\":\"http:\\\/\\\/diariodebordo.net\\\/#website\",\"url\":\"http:\\\/\\\/diariodebordo.net\\\/\",\"name\":\"Experi\u00eancias que conectam marcas, pessoas e momentos\",\"description\":\"M\u00eddia, eventos e conte\u00fado em uma plataforma que gera presen\u00e7a, relev\u00e2ncia e movimento.\",\"publisher\":{\"@id\":\"http:\\\/\\\/diariodebordo.net\\\/#organization\"},\"potentialAction\":[{\"@type\":\"SearchAction\",\"target\":{\"@type\":\"EntryPoint\",\"urlTemplate\":\"http:\\\/\\\/diariodebordo.net\\\/?s={search_term_string}\"},\"query-input\":{\"@type\":\"PropertyValueSpecification\",\"valueRequired\":true,\"valueName\":\"search_term_string\"}}],\"inLanguage\":\"pt-BR\"},{\"@type\":\"Organization\",\"@id\":\"http:\\\/\\\/diariodebordo.net\\\/#organization\",\"name\":\"Experi\u00eancias que conectam marcas, pessoas e momentos\",\"url\":\"http:\\\/\\\/diariodebordo.net\\\/\",\"logo\":{\"@type\":\"ImageObject\",\"inLanguage\":\"pt-BR\",\"@id\":\"http:\\\/\\\/diariodebordo.net\\\/#\\\/schema\\\/logo\\\/image\\\/\",\"url\":\"http:\\\/\\\/ftp.diariodebordo.net\\\/wp-content\\\/uploads\\\/2026\\\/04\\\/cropped-cropped-20260419_052322_0001-2.png\",\"contentUrl\":\"http:\\\/\\\/ftp.diariodebordo.net\\\/wp-content\\\/uploads\\\/2026\\\/04\\\/cropped-cropped-20260419_052322_0001-2.png\",\"width\":512,\"height\":214,\"caption\":\"Experi\u00eancias que conectam marcas, pessoas e momentos \"},\"image\":{\"@id\":\"http:\\\/\\\/diariodebordo.net\\\/#\\\/schema\\\/logo\\\/image\\\/\"}},{\"@type\":\"Person\",\"@id\":\"http:\\\/\\\/diariodebordo.net\\\/#\\\/schema\\\/person\\\/2983b623551b91c75a103029fb634a78\",\"name\":\"Thiago Soares\",\"image\":{\"@type\":\"ImageObject\",\"inLanguage\":\"pt-BR\",\"@id\":\"https:\\\/\\\/diariodebordo.net\\\/wp-content\\\/uploads\\\/2022\\\/09\\\/cropped-image9-96x96.jpg\",\"url\":\"https:\\\/\\\/diariodebordo.net\\\/wp-content\\\/uploads\\\/2022\\\/09\\\/cropped-image9-96x96.jpg\",\"contentUrl\":\"https:\\\/\\\/diariodebordo.net\\\/wp-content\\\/uploads\\\/2022\\\/09\\\/cropped-image9-96x96.jpg\",\"caption\":\"Thiago Soares\"},\"url\":\"http:\\\/\\\/ftp.diariodebordo.net\\\/?author=13\"}]}<\/script>\n<!-- \/ Yoast SEO plugin. -->","yoast_head_json":{"title":"SETCERGS retoma SOS Carreta Solid\u00e1ria para apoiar fam\u00edlias atingidas pelas chuvas em Minas Gerais - Experi\u00eancias que conectam marcas, pessoas e momentos","robots":{"index":"index","follow":"follow","max-snippet":"max-snippet:-1","max-image-preview":"max-image-preview:large","max-video-preview":"max-video-preview:-1"},"canonical":"http:\/\/diariodebordo.net\/?p=34631","og_locale":"pt_BR","og_type":"article","og_title":"SETCERGS retoma SOS Carreta Solid\u00e1ria para apoiar fam\u00edlias atingidas pelas chuvas em Minas Gerais - Experi\u00eancias que conectam marcas, pessoas e momentos","og_description":"As fortes chuvas que atingiram Minas Gerais nos \u00faltimos dias deixaram um cen\u00e1rio de destrui\u00e7\u00e3o em diversas cidades do estado. Munic\u00edpios como Juiz de Fora e Ub\u00e1 enfrentam alagamentos, deslizamentos de terra, danos \u00e0 infraestrutura e dezenas de fam\u00edlias desalojadas. A gravidade da situa\u00e7\u00e3o mobiliza autoridades e equipes de resgate, mas a dimens\u00e3o dos preju\u00edzos","og_url":"http:\/\/diariodebordo.net\/?p=34631","og_site_name":"Experi\u00eancias que conectam marcas, pessoas e momentos","article_published_time":"2026-03-09T19:44:04+00:00","og_image":[{"url":"https:\/\/www.diariodebordo.net\/wp-content\/uploads\/2026\/03\/Doacao-de-roupas_-300x200.jpg","type":"","width":"","height":""}],"author":"Thiago Soares","twitter_card":"summary_large_image","twitter_misc":{"Escrito por":"Thiago Soares","Est. tempo de leitura":"2 minutos"},"schema":{"@context":"https:\/\/schema.org","@graph":[{"@type":"Article","@id":"http:\/\/diariodebordo.net\/?p=34631#article","isPartOf":{"@id":"http:\/\/diariodebordo.net\/?p=34631"},"author":{"name":"Thiago Soares","@id":"http:\/\/diariodebordo.net\/#\/schema\/person\/2983b623551b91c75a103029fb634a78"},"headline":"SETCERGS retoma SOS Carreta Solid\u00e1ria para apoiar fam\u00edlias atingidas pelas chuvas em Minas Gerais","datePublished":"2026-03-09T19:44:04+00:00","mainEntityOfPage":{"@id":"http:\/\/diariodebordo.net\/?p=34631"},"wordCount":336,"commentCount":0,"publisher":{"@id":"http:\/\/diariodebordo.net\/#organization"},"image":{"@id":"http:\/\/diariodebordo.net\/?p=34631#primaryimage"},"thumbnailUrl":"https:\/\/www.diariodebordo.net\/wp-content\/uploads\/2026\/03\/Doacao-de-roupas_-300x200.jpg","articleSection":["Dia-a-Dia"],"inLanguage":"pt-BR","potentialAction":[{"@type":"CommentAction","name":"Comment","target":["http:\/\/diariodebordo.net\/?p=34631#respond"]}]},{"@type":"WebPage","@id":"http:\/\/diariodebordo.net\/?p=34631","url":"http:\/\/diariodebordo.net\/?p=34631","name":"SETCERGS retoma SOS Carreta Solid\u00e1ria para apoiar fam\u00edlias atingidas pelas chuvas em Minas Gerais - Experi\u00eancias que conectam marcas, pessoas e momentos","isPartOf":{"@id":"http:\/\/diariodebordo.net\/#website"},"primaryImageOfPage":{"@id":"http:\/\/diariodebordo.net\/?p=34631#primaryimage"},"image":{"@id":"http:\/\/diariodebordo.net\/?p=34631#primaryimage"},"thumbnailUrl":"https:\/\/www.diariodebordo.net\/wp-content\/uploads\/2026\/03\/Doacao-de-roupas_-300x200.jpg","datePublished":"2026-03-09T19:44:04+00:00","breadcrumb":{"@id":"http:\/\/diariodebordo.net\/?p=34631#breadcrumb"},"inLanguage":"pt-BR","potentialAction":[{"@type":"ReadAction","target":["http:\/\/diariodebordo.net\/?p=34631"]}]},{"@type":"ImageObject","inLanguage":"pt-BR","@id":"http:\/\/diariodebordo.net\/?p=34631#primaryimage","url":"https:\/\/www.diariodebordo.net\/wp-content\/uploads\/2026\/03\/Doacao-de-roupas_-300x200.jpg","contentUrl":"https:\/\/www.diariodebordo.net\/wp-content\/uploads\/2026\/03\/Doacao-de-roupas_-300x200.jpg"},{"@type":"BreadcrumbList","@id":"http:\/\/diariodebordo.net\/?p=34631#breadcrumb","itemListElement":[{"@type":"ListItem","position":1,"name":"In\u00edcio","item":"http:\/\/diariodebordo.net\/"},{"@type":"ListItem","position":2,"name":"SETCERGS retoma SOS Carreta Solid\u00e1ria para apoiar fam\u00edlias atingidas pelas chuvas em Minas Gerais"}]},{"@type":"WebSite","@id":"http:\/\/diariodebordo.net\/#website","url":"http:\/\/diariodebordo.net\/","name":"Experi\u00eancias que conectam marcas, pessoas e momentos","description":"M\u00eddia, eventos e conte\u00fado em uma plataforma que gera presen\u00e7a, relev\u00e2ncia e movimento.","publisher":{"@id":"http:\/\/diariodebordo.net\/#organization"},"potentialAction":[{"@type":"SearchAction","target":{"@type":"EntryPoint","urlTemplate":"http:\/\/diariodebordo.net\/?s={search_term_string}"},"query-input":{"@type":"PropertyValueSpecification","valueRequired":true,"valueName":"search_term_string"}}],"inLanguage":"pt-BR"},{"@type":"Organization","@id":"http:\/\/diariodebordo.net\/#organization","name":"Experi\u00eancias que conectam marcas, pessoas e momentos","url":"http:\/\/diariodebordo.net\/","logo":{"@type":"ImageObject","inLanguage":"pt-BR","@id":"http:\/\/diariodebordo.net\/#\/schema\/logo\/image\/","url":"http:\/\/ftp.diariodebordo.net\/wp-content\/uploads\/2026\/04\/cropped-cropped-20260419_052322_0001-2.png","contentUrl":"http:\/\/ftp.diariodebordo.net\/wp-content\/uploads\/2026\/04\/cropped-cropped-20260419_052322_0001-2.png","width":512,"height":214,"caption":"Experi\u00eancias que conectam marcas, pessoas e momentos "},"image":{"@id":"http:\/\/diariodebordo.net\/#\/schema\/logo\/image\/"}},{"@type":"Person","@id":"http:\/\/diariodebordo.net\/#\/schema\/person\/2983b623551b91c75a103029fb634a78","name":"Thiago Soares","image":{"@type":"ImageObject","inLanguage":"pt-BR","@id":"https:\/\/diariodebordo.net\/wp-content\/uploads\/2022\/09\/cropped-image9-96x96.jpg","url":"https:\/\/diariodebordo.net\/wp-content\/uploads\/2022\/09\/cropped-image9-96x96.jpg","contentUrl":"https:\/\/diariodebordo.net\/wp-content\/uploads\/2022\/09\/cropped-image9-96x96.jpg","caption":"Thiago Soares"},"url":"http:\/\/ftp.diariodebordo.net\/?author=13"}]}},"_links":{"self":[{"href":"http:\/\/ftp.diariodebordo.net\/index.php?rest_route=\/wp\/v2\/posts\/34631","targetHints":{"allow":["GET"]}}],"collection":[{"href":"http:\/\/ftp.diariodebordo.net\/index.php?rest_route=\/wp\/v2\/posts"}],"about":[{"href":"http:\/\/ftp.diariodebordo.net\/index.php?rest_route=\/wp\/v2\/types\/post"}],"author":[{"embeddable":true,"href":"http:\/\/ftp.diariodebordo.net\/index.php?rest_route=\/wp\/v2\/users\/13"}],"replies":[{"embeddable":true,"href":"http:\/\/ftp.diariodebordo.net\/index.php?rest_route=%2Fwp%2Fv2%2Fcomments&post=34631"}],"version-history":[{"count":1,"href":"http:\/\/ftp.diariodebordo.net\/index.php?rest_route=\/wp\/v2\/posts\/34631\/revisions"}],"predecessor-version":[{"id":34633,"href":"http:\/\/ftp.diariodebordo.net\/index.php?rest_route=\/wp\/v2\/posts\/34631\/revisions\/34633"}],"wp:attachment":[{"href":"http:\/\/ftp.diariodebordo.net\/index.php?rest_route=%2Fwp%2Fv2%2Fmedia&parent=34631"}],"wp:term":[{"taxonomy":"category","embeddable":true,"href":"http:\/\/ftp.diariodebordo.net\/index.php?rest_route=%2Fwp%2Fv2%2Fcategories&post=34631"},{"taxonomy":"post_tag","embeddable":true,"href":"http:\/\/ftp.diariodebordo.net\/index.php?rest_route=%2Fwp%2Fv2%2Ftags&post=34631"}],"curies":[{"name":"wp","href":"https:\/\/api.w.org\/{rel}","templated":true}]}}