{"id":34615,"date":"2026-03-07T22:39:13","date_gmt":"2026-03-08T01:39:13","guid":{"rendered":"https:\/\/www.diariodebordo.net\/?p=34615"},"modified":"2026-03-07T22:39:13","modified_gmt":"2026-03-08T01:39:13","slug":"prova-transforma-o-aeroporto-de-joinville-em-pista-de-corrida","status":"publish","type":"post","link":"http:\/\/ftp.diariodebordo.net\/?p=34615","title":{"rendered":"Prova transforma o Aeroporto de Joinville em pista de corrida"},"content":{"rendered":"<div>\n<p><i>Evento acontece na madrugada do dia 15 de mar\u00e7o e combina percurso plano, opera\u00e7\u00e3o t\u00e9cnica rigorosa e desafio aos atletas<\/i><\/p>\n<div>\n<p><strong>Joinville, mar\u00e7o de 2025<\/strong>\u00a0\u2013 A poucos dias da largada, a pista de pousos e decolagens do Aeroporto de Joinville voltar\u00e1 a ser usada para algo incomum no dia 15 de mar\u00e7o, \u00e0 1h30 da madrugada. Pela segunda vez, o espa\u00e7o operacional ser\u00e1 liberado para uma corrida oficial, permitindo que atletas disputem a prova em um ambiente normalmente restrito \u00e0 avia\u00e7\u00e3o. A proposta \u00e9 simples e direta: oferecer uma experi\u00eancia esportiva em um local que quase nunca faz parte do calend\u00e1rio de corridas no pa\u00eds.<\/p>\n<p>Diferente das corridas urbanas, o trajeto ser\u00e1 disputado em \u00e1rea operacional aeroportu\u00e1ria, ambiente plano, amplo e cont\u00ednuo, caracter\u00edsticas que favorecem ritmo constante, mas exigem estrat\u00e9gia, principalmente pelo hor\u00e1rio. A prova integra o circuito Santander Track&amp;Field Run Series, realizado em parceria com a Motiva, concession\u00e1ria respons\u00e1vel pela administra\u00e7\u00e3o do terminal.<\/p>\n<p>Segundo a gerente do aeroporto, Eliz\u00e2ngela Rosa Bastos, o principal desafio para viabilizar o evento \u00e9 garantir que a atividade esportiva aconte\u00e7a sem qualquer impacto \u00e0 seguran\u00e7a das opera\u00e7\u00f5es a\u00e9reas. Para isso, foi estruturada uma opera\u00e7\u00e3o t\u00e9cnica com janela exclusiva sem voos, an\u00e1lise formal de riscos, isolamento da \u00e1rea, controle rigoroso de acesso, varredura completa da pista antes e depois da prova e inspe\u00e7\u00e3o t\u00e9cnica final para libera\u00e7\u00e3o das atividades.<\/p>\n<p>O corredor Jo\u00e3o Eduardo Magalh\u00e3es, 37 anos, participou da edi\u00e7\u00e3o anterior ao lado de amigos com quem costuma correr e afirma que a prova teve um car\u00e1ter \u00fanico. \u201cFoi bem bacana. A gente j\u00e1 corre provas de rua com frequ\u00eancia, mas correr dentro do aeroporto foi totalmente diferente, principalmente pelo hor\u00e1rio e por estar ali dentro de um espa\u00e7o que normalmente n\u00e3o \u00e9 acess\u00edvel. Al\u00e9m disso, a organiza\u00e7\u00e3o estava excelente\u201d, relata. Ele conta que j\u00e1 est\u00e1 se preparando para participar novamente neste ano.<\/p>\n<p>Do ponto de vista esportivo, o hor\u00e1rio altera a resposta fisiol\u00f3gica do corpo. O educador f\u00edsico Bruno Dias de Freitas explica que a largada ocorre no per\u00edodo em que o organismo normalmente estaria entrando em sono profundo, o que pode gerar sensa\u00e7\u00e3o inicial de lentid\u00e3o muscular. A orienta\u00e7\u00e3o \u00e9 dormir algumas horas antes da prova, manter alimenta\u00e7\u00e3o leve e fazer aquecimento progressivo para ativar o corpo antes da largada.<\/p>\n<p>Como o percurso \u00e9 totalmente plano, a principal estrat\u00e9gia \u00e9 controlar o ritmo no in\u00edcio e evitar largar acima do limite. Em provas noturnas, atletas que mant\u00eam const\u00e2ncia tendem a ter melhor desempenho na segunda metade.<\/p>\n<p>A etapa abre o calend\u00e1rio nacional de corridas em pistas aeroportu\u00e1rias promovido pela Motiva ao longo do ano em diferentes cidades brasileiras e refor\u00e7a a proposta de transformar temporariamente estruturas operacionais em experi\u00eancias esportivas exclusivas.<\/p>\n<p>Servi\u00e7o Data: 15 de mar\u00e7o de 2026 Hor\u00e1rio: 1h30 Local: Aeroporto de Joinville Dist\u00e2ncias: 4 km e 8 km Inscri\u00e7\u00f5es: aplicativo TFSports<\/p>\n<p>&nbsp;<\/p>\n<p><strong>Sobre o Aeroporto de Joinville:<\/strong>\u00a0Serve o norte catarinense com voos regulares para destinos nacionais, sendo fundamental para o setor industrial da regi\u00e3o. Est\u00e1 sob administra\u00e7\u00e3o da Motiva desde mar\u00e7o de 2022.<\/p>\n<p>Sobre a Motiva: Maior empresa de infraestrutura de mobilidade do Brasil, a Motiva atua nas plataformas de Rodovias, Trilhos e Aeroportos. S\u00e3o 39 ativos, em 13 estados brasileiros e mais de 16 mil colaboradores. A Companhia \u00e9 respons\u00e1vel pela gest\u00e3o e manuten\u00e7\u00e3o de 4.475 quil\u00f4metros de rodovias, realizando cerca de 3,6 mil atendimentos diariamente. Em sua plataforma de trilhos, por meio da gest\u00e3o de metr\u00f4s, trens e VLT, transporta anualmente 750 milh\u00f5es de passageiros. Em aeroportos, com 17 unidades no Brasil e tr\u00eas no exterior, atende aproximadamente 45 milh\u00f5es de clientes anualmente. Primeira empresa do Brasil a integrar o Novo Mercado, a Companhia est\u00e1 listada h\u00e1 14 anos no hall de sustentabilidade da B3.<\/p>\n<p>Mais informa\u00e7\u00f5es \u00e0 imprensa:\u00a0<a href=\"mailto:imprensa.joi@motiva.com.br\" target=\"_blank\" rel=\"noopener noreferrer\">imprensa.joi@motiva.com.br<\/a><\/p>\n<\/div>\n<\/div>\n<p>&nbsp;<\/p>\n","protected":false},"excerpt":{"rendered":"<p>Evento acontece na madrugada do dia 15 de mar\u00e7o e combina percurso plano, opera\u00e7\u00e3o t\u00e9cnica rigorosa e desafio aos atletas Joinville, mar\u00e7o de 2025\u00a0\u2013 A poucos dias da largada, a pista de pousos e decolagens do Aeroporto de Joinville voltar\u00e1 a ser usada para algo incomum no dia 15 de mar\u00e7o, \u00e0 1h30 da madrugada.<\/p>\n","protected":false},"author":13,"featured_media":34616,"comment_status":"open","ping_status":"open","sticky":true,"template":"","format":"standard","meta":{"_eb_attr":"","inline_featured_image":false,"_joinchat":[],"footnotes":""},"categories":[1],"tags":[],"class_list":["post-34615","post","type-post","status-publish","format-standard","has-post-thumbnail","hentry","category-dia-a-dia"],"acf":[],"yoast_head":"<!-- This site is optimized with the Yoast SEO plugin v27.5 - https:\/\/yoast.com\/product\/yoast-seo-wordpress\/ -->\n<title>Prova transforma o Aeroporto de Joinville em pista de corrida - Experi\u00eancias que conectam marcas, pessoas e momentos<\/title>\n<meta name=\"robots\" content=\"index, follow, max-snippet:-1, max-image-preview:large, max-video-preview:-1\" \/>\n<link rel=\"canonical\" href=\"http:\/\/diariodebordo.net\/?p=34615\" \/>\n<meta property=\"og:locale\" content=\"pt_BR\" \/>\n<meta property=\"og:type\" content=\"article\" \/>\n<meta property=\"og:title\" content=\"Prova transforma o Aeroporto de Joinville em pista de corrida - Experi\u00eancias que conectam marcas, pessoas e momentos\" \/>\n<meta property=\"og:description\" content=\"Evento acontece na madrugada do dia 15 de mar\u00e7o e combina percurso plano, opera\u00e7\u00e3o t\u00e9cnica rigorosa e desafio aos atletas Joinville, mar\u00e7o de 2025\u00a0\u2013 A poucos dias da largada, a pista de pousos e decolagens do Aeroporto de Joinville voltar\u00e1 a ser usada para algo incomum no dia 15 de mar\u00e7o, \u00e0 1h30 da madrugada.\" \/>\n<meta property=\"og:url\" content=\"http:\/\/diariodebordo.net\/?p=34615\" \/>\n<meta property=\"og:site_name\" content=\"Experi\u00eancias que conectam marcas, pessoas e momentos\" \/>\n<meta property=\"article:published_time\" content=\"2026-03-08T01:39:13+00:00\" \/>\n<meta property=\"og:image\" content=\"http:\/\/diariodebordo.net\/wp-content\/uploads\/2026\/03\/WhatsApp-Image-2026-01-29-at-11.28.301.jpg\" \/>\n\t<meta property=\"og:image:width\" content=\"1600\" \/>\n\t<meta property=\"og:image:height\" content=\"1067\" \/>\n\t<meta property=\"og:image:type\" content=\"image\/jpeg\" \/>\n<meta name=\"author\" content=\"Thiago Soares\" \/>\n<meta name=\"twitter:card\" content=\"summary_large_image\" \/>\n<meta name=\"twitter:label1\" content=\"Escrito por\" \/>\n\t<meta name=\"twitter:data1\" content=\"Thiago Soares\" \/>\n\t<meta name=\"twitter:label2\" content=\"Est. tempo de leitura\" \/>\n\t<meta name=\"twitter:data2\" content=\"4 minutos\" \/>\n<script type=\"application\/ld+json\" class=\"yoast-schema-graph\">{\"@context\":\"https:\\\/\\\/schema.org\",\"@graph\":[{\"@type\":\"Article\",\"@id\":\"http:\\\/\\\/diariodebordo.net\\\/?p=34615#article\",\"isPartOf\":{\"@id\":\"http:\\\/\\\/diariodebordo.net\\\/?p=34615\"},\"author\":{\"name\":\"Thiago Soares\",\"@id\":\"http:\\\/\\\/diariodebordo.net\\\/#\\\/schema\\\/person\\\/2983b623551b91c75a103029fb634a78\"},\"headline\":\"Prova transforma o Aeroporto de Joinville em pista de corrida\",\"datePublished\":\"2026-03-08T01:39:13+00:00\",\"mainEntityOfPage\":{\"@id\":\"http:\\\/\\\/diariodebordo.net\\\/?p=34615\"},\"wordCount\":683,\"commentCount\":0,\"publisher\":{\"@id\":\"http:\\\/\\\/diariodebordo.net\\\/#organization\"},\"image\":{\"@id\":\"http:\\\/\\\/diariodebordo.net\\\/?p=34615#primaryimage\"},\"thumbnailUrl\":\"http:\\\/\\\/ftp.diariodebordo.net\\\/wp-content\\\/uploads\\\/2026\\\/03\\\/WhatsApp-Image-2026-01-29-at-11.28.301.jpg\",\"articleSection\":[\"Dia-a-Dia\"],\"inLanguage\":\"pt-BR\",\"potentialAction\":[{\"@type\":\"CommentAction\",\"name\":\"Comment\",\"target\":[\"http:\\\/\\\/diariodebordo.net\\\/?p=34615#respond\"]}]},{\"@type\":\"WebPage\",\"@id\":\"http:\\\/\\\/diariodebordo.net\\\/?p=34615\",\"url\":\"http:\\\/\\\/diariodebordo.net\\\/?p=34615\",\"name\":\"Prova transforma o Aeroporto de Joinville em pista de corrida - Experi\u00eancias que conectam marcas, pessoas e momentos\",\"isPartOf\":{\"@id\":\"http:\\\/\\\/diariodebordo.net\\\/#website\"},\"primaryImageOfPage\":{\"@id\":\"http:\\\/\\\/diariodebordo.net\\\/?p=34615#primaryimage\"},\"image\":{\"@id\":\"http:\\\/\\\/diariodebordo.net\\\/?p=34615#primaryimage\"},\"thumbnailUrl\":\"http:\\\/\\\/ftp.diariodebordo.net\\\/wp-content\\\/uploads\\\/2026\\\/03\\\/WhatsApp-Image-2026-01-29-at-11.28.301.jpg\",\"datePublished\":\"2026-03-08T01:39:13+00:00\",\"breadcrumb\":{\"@id\":\"http:\\\/\\\/diariodebordo.net\\\/?p=34615#breadcrumb\"},\"inLanguage\":\"pt-BR\",\"potentialAction\":[{\"@type\":\"ReadAction\",\"target\":[\"http:\\\/\\\/diariodebordo.net\\\/?p=34615\"]}]},{\"@type\":\"ImageObject\",\"inLanguage\":\"pt-BR\",\"@id\":\"http:\\\/\\\/diariodebordo.net\\\/?p=34615#primaryimage\",\"url\":\"http:\\\/\\\/ftp.diariodebordo.net\\\/wp-content\\\/uploads\\\/2026\\\/03\\\/WhatsApp-Image-2026-01-29-at-11.28.301.jpg\",\"contentUrl\":\"http:\\\/\\\/ftp.diariodebordo.net\\\/wp-content\\\/uploads\\\/2026\\\/03\\\/WhatsApp-Image-2026-01-29-at-11.28.301.jpg\",\"width\":1600,\"height\":1067},{\"@type\":\"BreadcrumbList\",\"@id\":\"http:\\\/\\\/diariodebordo.net\\\/?p=34615#breadcrumb\",\"itemListElement\":[{\"@type\":\"ListItem\",\"position\":1,\"name\":\"In\u00edcio\",\"item\":\"http:\\\/\\\/diariodebordo.net\\\/\"},{\"@type\":\"ListItem\",\"position\":2,\"name\":\"Prova transforma o Aeroporto de Joinville em pista de corrida\"}]},{\"@type\":\"WebSite\",\"@id\":\"http:\\\/\\\/diariodebordo.net\\\/#website\",\"url\":\"http:\\\/\\\/diariodebordo.net\\\/\",\"name\":\"Experi\u00eancias que conectam marcas, pessoas e momentos\",\"description\":\"M\u00eddia, eventos e conte\u00fado em uma plataforma que gera presen\u00e7a, relev\u00e2ncia e movimento.\",\"publisher\":{\"@id\":\"http:\\\/\\\/diariodebordo.net\\\/#organization\"},\"potentialAction\":[{\"@type\":\"SearchAction\",\"target\":{\"@type\":\"EntryPoint\",\"urlTemplate\":\"http:\\\/\\\/diariodebordo.net\\\/?s={search_term_string}\"},\"query-input\":{\"@type\":\"PropertyValueSpecification\",\"valueRequired\":true,\"valueName\":\"search_term_string\"}}],\"inLanguage\":\"pt-BR\"},{\"@type\":\"Organization\",\"@id\":\"http:\\\/\\\/diariodebordo.net\\\/#organization\",\"name\":\"Experi\u00eancias que conectam marcas, pessoas e momentos\",\"url\":\"http:\\\/\\\/diariodebordo.net\\\/\",\"logo\":{\"@type\":\"ImageObject\",\"inLanguage\":\"pt-BR\",\"@id\":\"http:\\\/\\\/diariodebordo.net\\\/#\\\/schema\\\/logo\\\/image\\\/\",\"url\":\"http:\\\/\\\/ftp.diariodebordo.net\\\/wp-content\\\/uploads\\\/2026\\\/04\\\/cropped-cropped-20260419_052322_0001-2.png\",\"contentUrl\":\"http:\\\/\\\/ftp.diariodebordo.net\\\/wp-content\\\/uploads\\\/2026\\\/04\\\/cropped-cropped-20260419_052322_0001-2.png\",\"width\":512,\"height\":214,\"caption\":\"Experi\u00eancias que conectam marcas, pessoas e momentos \"},\"image\":{\"@id\":\"http:\\\/\\\/diariodebordo.net\\\/#\\\/schema\\\/logo\\\/image\\\/\"}},{\"@type\":\"Person\",\"@id\":\"http:\\\/\\\/diariodebordo.net\\\/#\\\/schema\\\/person\\\/2983b623551b91c75a103029fb634a78\",\"name\":\"Thiago Soares\",\"image\":{\"@type\":\"ImageObject\",\"inLanguage\":\"pt-BR\",\"@id\":\"https:\\\/\\\/diariodebordo.net\\\/wp-content\\\/uploads\\\/2022\\\/09\\\/cropped-image9-96x96.jpg\",\"url\":\"https:\\\/\\\/diariodebordo.net\\\/wp-content\\\/uploads\\\/2022\\\/09\\\/cropped-image9-96x96.jpg\",\"contentUrl\":\"https:\\\/\\\/diariodebordo.net\\\/wp-content\\\/uploads\\\/2022\\\/09\\\/cropped-image9-96x96.jpg\",\"caption\":\"Thiago Soares\"},\"url\":\"http:\\\/\\\/ftp.diariodebordo.net\\\/?author=13\"}]}<\/script>\n<!-- \/ Yoast SEO plugin. -->","yoast_head_json":{"title":"Prova transforma o Aeroporto de Joinville em pista de corrida - Experi\u00eancias que conectam marcas, pessoas e momentos","robots":{"index":"index","follow":"follow","max-snippet":"max-snippet:-1","max-image-preview":"max-image-preview:large","max-video-preview":"max-video-preview:-1"},"canonical":"http:\/\/diariodebordo.net\/?p=34615","og_locale":"pt_BR","og_type":"article","og_title":"Prova transforma o Aeroporto de Joinville em pista de corrida - Experi\u00eancias que conectam marcas, pessoas e momentos","og_description":"Evento acontece na madrugada do dia 15 de mar\u00e7o e combina percurso plano, opera\u00e7\u00e3o t\u00e9cnica rigorosa e desafio aos atletas Joinville, mar\u00e7o de 2025\u00a0\u2013 A poucos dias da largada, a pista de pousos e decolagens do Aeroporto de Joinville voltar\u00e1 a ser usada para algo incomum no dia 15 de mar\u00e7o, \u00e0 1h30 da madrugada.","og_url":"http:\/\/diariodebordo.net\/?p=34615","og_site_name":"Experi\u00eancias que conectam marcas, pessoas e momentos","article_published_time":"2026-03-08T01:39:13+00:00","og_image":[{"width":1600,"height":1067,"url":"http:\/\/diariodebordo.net\/wp-content\/uploads\/2026\/03\/WhatsApp-Image-2026-01-29-at-11.28.301.jpg","type":"image\/jpeg"}],"author":"Thiago Soares","twitter_card":"summary_large_image","twitter_misc":{"Escrito por":"Thiago Soares","Est. tempo de leitura":"4 minutos"},"schema":{"@context":"https:\/\/schema.org","@graph":[{"@type":"Article","@id":"http:\/\/diariodebordo.net\/?p=34615#article","isPartOf":{"@id":"http:\/\/diariodebordo.net\/?p=34615"},"author":{"name":"Thiago Soares","@id":"http:\/\/diariodebordo.net\/#\/schema\/person\/2983b623551b91c75a103029fb634a78"},"headline":"Prova transforma o Aeroporto de Joinville em pista de corrida","datePublished":"2026-03-08T01:39:13+00:00","mainEntityOfPage":{"@id":"http:\/\/diariodebordo.net\/?p=34615"},"wordCount":683,"commentCount":0,"publisher":{"@id":"http:\/\/diariodebordo.net\/#organization"},"image":{"@id":"http:\/\/diariodebordo.net\/?p=34615#primaryimage"},"thumbnailUrl":"http:\/\/ftp.diariodebordo.net\/wp-content\/uploads\/2026\/03\/WhatsApp-Image-2026-01-29-at-11.28.301.jpg","articleSection":["Dia-a-Dia"],"inLanguage":"pt-BR","potentialAction":[{"@type":"CommentAction","name":"Comment","target":["http:\/\/diariodebordo.net\/?p=34615#respond"]}]},{"@type":"WebPage","@id":"http:\/\/diariodebordo.net\/?p=34615","url":"http:\/\/diariodebordo.net\/?p=34615","name":"Prova transforma o Aeroporto de Joinville em pista de corrida - Experi\u00eancias que conectam marcas, pessoas e momentos","isPartOf":{"@id":"http:\/\/diariodebordo.net\/#website"},"primaryImageOfPage":{"@id":"http:\/\/diariodebordo.net\/?p=34615#primaryimage"},"image":{"@id":"http:\/\/diariodebordo.net\/?p=34615#primaryimage"},"thumbnailUrl":"http:\/\/ftp.diariodebordo.net\/wp-content\/uploads\/2026\/03\/WhatsApp-Image-2026-01-29-at-11.28.301.jpg","datePublished":"2026-03-08T01:39:13+00:00","breadcrumb":{"@id":"http:\/\/diariodebordo.net\/?p=34615#breadcrumb"},"inLanguage":"pt-BR","potentialAction":[{"@type":"ReadAction","target":["http:\/\/diariodebordo.net\/?p=34615"]}]},{"@type":"ImageObject","inLanguage":"pt-BR","@id":"http:\/\/diariodebordo.net\/?p=34615#primaryimage","url":"http:\/\/ftp.diariodebordo.net\/wp-content\/uploads\/2026\/03\/WhatsApp-Image-2026-01-29-at-11.28.301.jpg","contentUrl":"http:\/\/ftp.diariodebordo.net\/wp-content\/uploads\/2026\/03\/WhatsApp-Image-2026-01-29-at-11.28.301.jpg","width":1600,"height":1067},{"@type":"BreadcrumbList","@id":"http:\/\/diariodebordo.net\/?p=34615#breadcrumb","itemListElement":[{"@type":"ListItem","position":1,"name":"In\u00edcio","item":"http:\/\/diariodebordo.net\/"},{"@type":"ListItem","position":2,"name":"Prova transforma o Aeroporto de Joinville em pista de corrida"}]},{"@type":"WebSite","@id":"http:\/\/diariodebordo.net\/#website","url":"http:\/\/diariodebordo.net\/","name":"Experi\u00eancias que conectam marcas, pessoas e momentos","description":"M\u00eddia, eventos e conte\u00fado em uma plataforma que gera presen\u00e7a, relev\u00e2ncia e movimento.","publisher":{"@id":"http:\/\/diariodebordo.net\/#organization"},"potentialAction":[{"@type":"SearchAction","target":{"@type":"EntryPoint","urlTemplate":"http:\/\/diariodebordo.net\/?s={search_term_string}"},"query-input":{"@type":"PropertyValueSpecification","valueRequired":true,"valueName":"search_term_string"}}],"inLanguage":"pt-BR"},{"@type":"Organization","@id":"http:\/\/diariodebordo.net\/#organization","name":"Experi\u00eancias que conectam marcas, pessoas e momentos","url":"http:\/\/diariodebordo.net\/","logo":{"@type":"ImageObject","inLanguage":"pt-BR","@id":"http:\/\/diariodebordo.net\/#\/schema\/logo\/image\/","url":"http:\/\/ftp.diariodebordo.net\/wp-content\/uploads\/2026\/04\/cropped-cropped-20260419_052322_0001-2.png","contentUrl":"http:\/\/ftp.diariodebordo.net\/wp-content\/uploads\/2026\/04\/cropped-cropped-20260419_052322_0001-2.png","width":512,"height":214,"caption":"Experi\u00eancias que conectam marcas, pessoas e momentos "},"image":{"@id":"http:\/\/diariodebordo.net\/#\/schema\/logo\/image\/"}},{"@type":"Person","@id":"http:\/\/diariodebordo.net\/#\/schema\/person\/2983b623551b91c75a103029fb634a78","name":"Thiago Soares","image":{"@type":"ImageObject","inLanguage":"pt-BR","@id":"https:\/\/diariodebordo.net\/wp-content\/uploads\/2022\/09\/cropped-image9-96x96.jpg","url":"https:\/\/diariodebordo.net\/wp-content\/uploads\/2022\/09\/cropped-image9-96x96.jpg","contentUrl":"https:\/\/diariodebordo.net\/wp-content\/uploads\/2022\/09\/cropped-image9-96x96.jpg","caption":"Thiago Soares"},"url":"http:\/\/ftp.diariodebordo.net\/?author=13"}]}},"_links":{"self":[{"href":"http:\/\/ftp.diariodebordo.net\/index.php?rest_route=\/wp\/v2\/posts\/34615","targetHints":{"allow":["GET"]}}],"collection":[{"href":"http:\/\/ftp.diariodebordo.net\/index.php?rest_route=\/wp\/v2\/posts"}],"about":[{"href":"http:\/\/ftp.diariodebordo.net\/index.php?rest_route=\/wp\/v2\/types\/post"}],"author":[{"embeddable":true,"href":"http:\/\/ftp.diariodebordo.net\/index.php?rest_route=\/wp\/v2\/users\/13"}],"replies":[{"embeddable":true,"href":"http:\/\/ftp.diariodebordo.net\/index.php?rest_route=%2Fwp%2Fv2%2Fcomments&post=34615"}],"version-history":[{"count":1,"href":"http:\/\/ftp.diariodebordo.net\/index.php?rest_route=\/wp\/v2\/posts\/34615\/revisions"}],"predecessor-version":[{"id":34617,"href":"http:\/\/ftp.diariodebordo.net\/index.php?rest_route=\/wp\/v2\/posts\/34615\/revisions\/34617"}],"wp:featuredmedia":[{"embeddable":true,"href":"http:\/\/ftp.diariodebordo.net\/index.php?rest_route=\/wp\/v2\/media\/34616"}],"wp:attachment":[{"href":"http:\/\/ftp.diariodebordo.net\/index.php?rest_route=%2Fwp%2Fv2%2Fmedia&parent=34615"}],"wp:term":[{"taxonomy":"category","embeddable":true,"href":"http:\/\/ftp.diariodebordo.net\/index.php?rest_route=%2Fwp%2Fv2%2Fcategories&post=34615"},{"taxonomy":"post_tag","embeddable":true,"href":"http:\/\/ftp.diariodebordo.net\/index.php?rest_route=%2Fwp%2Fv2%2Ftags&post=34615"}],"curies":[{"name":"wp","href":"https:\/\/api.w.org\/{rel}","templated":true}]}}