{"id":34612,"date":"2026-03-07T21:51:03","date_gmt":"2026-03-08T00:51:03","guid":{"rendered":"https:\/\/www.diariodebordo.net\/?p=34612"},"modified":"2026-03-07T21:51:03","modified_gmt":"2026-03-08T00:51:03","slug":"mulheres-sao-maioria-entre-os-mestres-e-doutores-formados-pela-unesp-e-cada-vez-mais-influentes-nas-atividades-de-pesquisa","status":"publish","type":"post","link":"http:\/\/ftp.diariodebordo.net\/?p=34612","title":{"rendered":"Mulheres s\u00e3o maioria entre os mestres e doutores formados pela Unesp e cada vez mais influentes nas atividades de pesquisa"},"content":{"rendered":"<p><i>Outros indicadores positivos envolvem aumento da presen\u00e7a feminina na dire\u00e7\u00e3o de unidades universit\u00e1rias e nas coordena\u00e7\u00f5es de cursos e de programas de p\u00f3s; dados refletem pol\u00edticas de equidade adotadas nos \u00faltimos anos<\/i><\/p>\n<div data-width=\"740px\" data-min-width=\"\" data-max-width=\"\"><center><img loading=\"lazy\" decoding=\"async\" class=\"aligncenter\" src=\"https:\/\/ci3.googleusercontent.com\/meips\/ADKq_NZyjfLE2SJPJiKNbnsL7jT3kieB5cR6fMAVAFV0EU6sk28mizxXTcMr52a2UY-v6gGIS4QsadjYuJkA99QvTz5R7LvmCWbG807ZKULV8K2K0nTqKn6FTJDPiRdGxFgKKlw8Vjl8UQD-vesvUz73bxPqP1w4tkd53WYmazsGO_hl4GCaTDQLnonOS52N-U582tqm8PgotVvRtwH2tE7o=s0-d-e1-ft#https:\/\/files.pressmanager.net\/clientes\/71239731a04e4c77d40b4afc7f8009cc\/imagens\/2026\/03\/06\/ccbb30a4588dc6f18ec59e9cc4240df1_medium.jpg\" alt=\"\" width=\"300\" height=\"450\" \/>A reitora Maysa Furlan, da Unesp &#8212; cr\u00e9dito: ACI Unesp<\/p>\n<p><\/center>Levantamento realizado pelo Escrit\u00f3rio de Gest\u00e3o de Dados (EGD) da Unesp aponta que, atualmente, as mulheres s\u00e3o maioria na gradua\u00e7\u00e3o e na p\u00f3s-gradua\u00e7\u00e3o da Universidade e tamb\u00e9m as principais l\u00edderes em grupos de pesquisa: 831 dos 1.296 grupos de pesquisa com sede na Unesp registrados junto ao Conselho Nacional de Desenvolvimento Cient\u00edfico e Tecnol\u00f3gico (CNPq) em 2025 possuem l\u00edderes femininas, ou 64% do total.<\/p>\n<p>Hoje, mulheres ocupam 52,8% das vagas oferecidas nos cursos de gradua\u00e7\u00e3o da Unesp e 54,7% nos cursos de p\u00f3s-gradua\u00e7\u00e3o stricto sensu, sendo maioria tamb\u00e9m entre os alunos titulados no mestrado e no doutorado, segundo o EGD. O ano de 2026 \u00e9 o segundo da gest\u00e3o da reitora Maysa Furlan, a primeira mulher a ocupar o posto nos 50 anos de hist\u00f3ria da Universidade Estadual Paulista (1976-2026).<\/p>\n<p>Em entrevista ao Jornal da Unesp, embora reconhe\u00e7a muitos desafios a serem superados, conforme mostrou recentemente o\u00a0<a href=\"https:\/\/www2.unesp.br\/portal#!\/noticias\/v\/id::41959\/mulheres-representam-menos-de-um-terco-dos-professores-universitarios-no-topo-da-carreira-academica\" target=\"_blank\" rel=\"noopener noreferrer\" data-saferedirecturl=\"https:\/\/www.google.com\/url?q=https:\/\/www2.unesp.br\/portal%23!\/noticias\/v\/id::41959\/mulheres-representam-menos-de-um-terco-dos-professores-universitarios-no-topo-da-carreira-academica&amp;source=gmail&amp;ust=1772925950497000&amp;usg=AOvVaw3Szckut8JEpxf0yJ2tvSCo\">Index da Igualdade de G\u00eanero nas Universidades P\u00fablicas do Estado de S\u00e3o Paulo<\/a>, a reitora reconheceu que a Universidade est\u00e1 navegando em um ambiente mais prop\u00edcio para que todas possam contribuir com pesquisas, com a ado\u00e7\u00e3o de pol\u00edticas institucionais em prol da equidade de g\u00eanero.<\/p>\n<p>\u201cSe as mulheres querem uma ascens\u00e3o ao cargo de professora associada e depois de professora titular, que possam planejar isso e encontrar aqui na Unesp um espa\u00e7o acolhedor\u201d, afirma a reitora Maysa Furlan. \u201cEstamos em um novo tempo, preparando a Universidade e os caminhos para que todas as pessoas, especialmente as mulheres, possam encontrar um ambiente forte e consolidado em quest\u00e3o de oportunidades\u201d, diz.<\/p>\n<p>Nos \u00faltimos anos, a Unesp apresentou crescimento na distribui\u00e7\u00e3o de mulheres ocupando a diretoria de unidades universit\u00e1rias e ascendendo ao posto de docentes titulares. As mulheres se destacam como coordenadoras dos cursos de gradua\u00e7\u00e3o (50,8%) e tamb\u00e9m atingem um patamar importante nas coordena\u00e7\u00f5es dos cursos de p\u00f3s-gradua\u00e7\u00e3o (45,4%).<\/p>\n<p>\u201cA Academia Brasileira de Ci\u00eancias demorou mais de 100 anos para eleger como presidente uma mulher, a professora Helena Nader. A Fapesp existe h\u00e1 mais de 60 anos e nunca teve mulher no cargo de dire\u00e7\u00e3o. Fiquei feliz por a Unesp ter completado seus 50 anos com uma mulher na Reitoria\u201d, diz a professora Patr\u00edcia Morellato, pesquisadora l\u00edder do CBioClima, o primeiro Centro de Pesquisa, Inova\u00e7\u00e3o e Difus\u00e3o (Cepid) da Fapesp com sede na Unesp.<\/p>\n<p>O CBioClima liderado por Patr\u00edcia Morellato, ligado ao Instituto de Bioci\u00eancias do c\u00e2mpus de Rio Claro da Unesp, tem como foco estudos em biodiversidade tropical e mudan\u00e7as clim\u00e1ticas. L\u00e1, a for\u00e7a de trabalho conta com 56,3% de mulheres bolsistas e estagi\u00e1rias. \u201cO CBioClima abriga uma propor\u00e7\u00e3o de pesquisadores associados e bolsistas mulheres maior do que a de homens. Isso n\u00e3o foi for\u00e7ado, mas \u00e9 algo estimulado\u201d, diz a cientista.<\/p>\n<\/div>\n","protected":false},"excerpt":{"rendered":"<p>Outros indicadores positivos envolvem aumento da presen\u00e7a feminina na dire\u00e7\u00e3o de unidades universit\u00e1rias e nas coordena\u00e7\u00f5es de cursos e de programas de p\u00f3s; dados refletem pol\u00edticas de equidade adotadas nos \u00faltimos anos A reitora Maysa Furlan, da Unesp &#8212; cr\u00e9dito: ACI Unesp Levantamento realizado pelo Escrit\u00f3rio de Gest\u00e3o de Dados (EGD) da Unesp aponta que,<\/p>\n","protected":false},"author":13,"featured_media":34613,"comment_status":"open","ping_status":"open","sticky":true,"template":"","format":"standard","meta":{"_eb_attr":"","inline_featured_image":false,"_joinchat":[],"footnotes":""},"categories":[1],"tags":[],"class_list":["post-34612","post","type-post","status-publish","format-standard","has-post-thumbnail","hentry","category-dia-a-dia"],"acf":[],"yoast_head":"<!-- This site is optimized with the Yoast SEO plugin v27.5 - https:\/\/yoast.com\/product\/yoast-seo-wordpress\/ -->\n<title>Mulheres s\u00e3o maioria entre os mestres e doutores formados pela Unesp e cada vez mais influentes nas atividades de pesquisa - Experi\u00eancias que conectam marcas, pessoas e momentos<\/title>\n<meta name=\"robots\" content=\"index, follow, max-snippet:-1, max-image-preview:large, max-video-preview:-1\" \/>\n<link rel=\"canonical\" href=\"http:\/\/diariodebordo.net\/?p=34612\" \/>\n<meta property=\"og:locale\" content=\"pt_BR\" \/>\n<meta property=\"og:type\" content=\"article\" \/>\n<meta property=\"og:title\" content=\"Mulheres s\u00e3o maioria entre os mestres e doutores formados pela Unesp e cada vez mais influentes nas atividades de pesquisa - Experi\u00eancias que conectam marcas, pessoas e momentos\" \/>\n<meta property=\"og:description\" content=\"Outros indicadores positivos envolvem aumento da presen\u00e7a feminina na dire\u00e7\u00e3o de unidades universit\u00e1rias e nas coordena\u00e7\u00f5es de cursos e de programas de p\u00f3s; dados refletem pol\u00edticas de equidade adotadas nos \u00faltimos anos A reitora Maysa Furlan, da Unesp &#8212; cr\u00e9dito: ACI Unesp Levantamento realizado pelo Escrit\u00f3rio de Gest\u00e3o de Dados (EGD) da Unesp aponta que,\" \/>\n<meta property=\"og:url\" content=\"http:\/\/diariodebordo.net\/?p=34612\" \/>\n<meta property=\"og:site_name\" content=\"Experi\u00eancias que conectam marcas, pessoas e momentos\" \/>\n<meta property=\"article:published_time\" content=\"2026-03-08T00:51:03+00:00\" \/>\n<meta property=\"og:image\" content=\"http:\/\/diariodebordo.net\/wp-content\/uploads\/2026\/03\/Gabriela-de-Souza-Freitas_Corte-900x600-1.jpg\" \/>\n\t<meta property=\"og:image:width\" content=\"900\" \/>\n\t<meta property=\"og:image:height\" content=\"600\" \/>\n\t<meta property=\"og:image:type\" content=\"image\/jpeg\" \/>\n<meta name=\"author\" content=\"Thiago Soares\" \/>\n<meta name=\"twitter:card\" content=\"summary_large_image\" \/>\n<meta name=\"twitter:label1\" content=\"Escrito por\" \/>\n\t<meta name=\"twitter:data1\" content=\"Thiago Soares\" \/>\n\t<meta name=\"twitter:label2\" content=\"Est. tempo de leitura\" \/>\n\t<meta name=\"twitter:data2\" content=\"4 minutos\" \/>\n<script type=\"application\/ld+json\" class=\"yoast-schema-graph\">{\"@context\":\"https:\\\/\\\/schema.org\",\"@graph\":[{\"@type\":\"Article\",\"@id\":\"http:\\\/\\\/diariodebordo.net\\\/?p=34612#article\",\"isPartOf\":{\"@id\":\"http:\\\/\\\/diariodebordo.net\\\/?p=34612\"},\"author\":{\"name\":\"Thiago Soares\",\"@id\":\"http:\\\/\\\/diariodebordo.net\\\/#\\\/schema\\\/person\\\/2983b623551b91c75a103029fb634a78\"},\"headline\":\"Mulheres s\u00e3o maioria entre os mestres e doutores formados pela Unesp e cada vez mais influentes nas atividades de pesquisa\",\"datePublished\":\"2026-03-08T00:51:03+00:00\",\"mainEntityOfPage\":{\"@id\":\"http:\\\/\\\/diariodebordo.net\\\/?p=34612\"},\"wordCount\":553,\"commentCount\":0,\"publisher\":{\"@id\":\"http:\\\/\\\/diariodebordo.net\\\/#organization\"},\"image\":{\"@id\":\"http:\\\/\\\/diariodebordo.net\\\/?p=34612#primaryimage\"},\"thumbnailUrl\":\"http:\\\/\\\/ftp.diariodebordo.net\\\/wp-content\\\/uploads\\\/2026\\\/03\\\/Gabriela-de-Souza-Freitas_Corte-900x600-1.jpg\",\"articleSection\":[\"Dia-a-Dia\"],\"inLanguage\":\"pt-BR\",\"potentialAction\":[{\"@type\":\"CommentAction\",\"name\":\"Comment\",\"target\":[\"http:\\\/\\\/diariodebordo.net\\\/?p=34612#respond\"]}]},{\"@type\":\"WebPage\",\"@id\":\"http:\\\/\\\/diariodebordo.net\\\/?p=34612\",\"url\":\"http:\\\/\\\/diariodebordo.net\\\/?p=34612\",\"name\":\"Mulheres s\u00e3o maioria entre os mestres e doutores formados pela Unesp e cada vez mais influentes nas atividades de pesquisa - Experi\u00eancias que conectam marcas, pessoas e momentos\",\"isPartOf\":{\"@id\":\"http:\\\/\\\/diariodebordo.net\\\/#website\"},\"primaryImageOfPage\":{\"@id\":\"http:\\\/\\\/diariodebordo.net\\\/?p=34612#primaryimage\"},\"image\":{\"@id\":\"http:\\\/\\\/diariodebordo.net\\\/?p=34612#primaryimage\"},\"thumbnailUrl\":\"http:\\\/\\\/ftp.diariodebordo.net\\\/wp-content\\\/uploads\\\/2026\\\/03\\\/Gabriela-de-Souza-Freitas_Corte-900x600-1.jpg\",\"datePublished\":\"2026-03-08T00:51:03+00:00\",\"breadcrumb\":{\"@id\":\"http:\\\/\\\/diariodebordo.net\\\/?p=34612#breadcrumb\"},\"inLanguage\":\"pt-BR\",\"potentialAction\":[{\"@type\":\"ReadAction\",\"target\":[\"http:\\\/\\\/diariodebordo.net\\\/?p=34612\"]}]},{\"@type\":\"ImageObject\",\"inLanguage\":\"pt-BR\",\"@id\":\"http:\\\/\\\/diariodebordo.net\\\/?p=34612#primaryimage\",\"url\":\"http:\\\/\\\/ftp.diariodebordo.net\\\/wp-content\\\/uploads\\\/2026\\\/03\\\/Gabriela-de-Souza-Freitas_Corte-900x600-1.jpg\",\"contentUrl\":\"http:\\\/\\\/ftp.diariodebordo.net\\\/wp-content\\\/uploads\\\/2026\\\/03\\\/Gabriela-de-Souza-Freitas_Corte-900x600-1.jpg\",\"width\":900,\"height\":600},{\"@type\":\"BreadcrumbList\",\"@id\":\"http:\\\/\\\/diariodebordo.net\\\/?p=34612#breadcrumb\",\"itemListElement\":[{\"@type\":\"ListItem\",\"position\":1,\"name\":\"In\u00edcio\",\"item\":\"http:\\\/\\\/diariodebordo.net\\\/\"},{\"@type\":\"ListItem\",\"position\":2,\"name\":\"Mulheres s\u00e3o maioria entre os mestres e doutores formados pela Unesp e cada vez mais influentes nas atividades de pesquisa\"}]},{\"@type\":\"WebSite\",\"@id\":\"http:\\\/\\\/diariodebordo.net\\\/#website\",\"url\":\"http:\\\/\\\/diariodebordo.net\\\/\",\"name\":\"Experi\u00eancias que conectam marcas, pessoas e momentos\",\"description\":\"M\u00eddia, eventos e conte\u00fado em uma plataforma que gera presen\u00e7a, relev\u00e2ncia e movimento.\",\"publisher\":{\"@id\":\"http:\\\/\\\/diariodebordo.net\\\/#organization\"},\"potentialAction\":[{\"@type\":\"SearchAction\",\"target\":{\"@type\":\"EntryPoint\",\"urlTemplate\":\"http:\\\/\\\/diariodebordo.net\\\/?s={search_term_string}\"},\"query-input\":{\"@type\":\"PropertyValueSpecification\",\"valueRequired\":true,\"valueName\":\"search_term_string\"}}],\"inLanguage\":\"pt-BR\"},{\"@type\":\"Organization\",\"@id\":\"http:\\\/\\\/diariodebordo.net\\\/#organization\",\"name\":\"Experi\u00eancias que conectam marcas, pessoas e momentos\",\"url\":\"http:\\\/\\\/diariodebordo.net\\\/\",\"logo\":{\"@type\":\"ImageObject\",\"inLanguage\":\"pt-BR\",\"@id\":\"http:\\\/\\\/diariodebordo.net\\\/#\\\/schema\\\/logo\\\/image\\\/\",\"url\":\"http:\\\/\\\/ftp.diariodebordo.net\\\/wp-content\\\/uploads\\\/2026\\\/04\\\/cropped-cropped-20260419_052322_0001-2.png\",\"contentUrl\":\"http:\\\/\\\/ftp.diariodebordo.net\\\/wp-content\\\/uploads\\\/2026\\\/04\\\/cropped-cropped-20260419_052322_0001-2.png\",\"width\":512,\"height\":214,\"caption\":\"Experi\u00eancias que conectam marcas, pessoas e momentos \"},\"image\":{\"@id\":\"http:\\\/\\\/diariodebordo.net\\\/#\\\/schema\\\/logo\\\/image\\\/\"}},{\"@type\":\"Person\",\"@id\":\"http:\\\/\\\/diariodebordo.net\\\/#\\\/schema\\\/person\\\/2983b623551b91c75a103029fb634a78\",\"name\":\"Thiago Soares\",\"image\":{\"@type\":\"ImageObject\",\"inLanguage\":\"pt-BR\",\"@id\":\"https:\\\/\\\/diariodebordo.net\\\/wp-content\\\/uploads\\\/2022\\\/09\\\/cropped-image9-96x96.jpg\",\"url\":\"https:\\\/\\\/diariodebordo.net\\\/wp-content\\\/uploads\\\/2022\\\/09\\\/cropped-image9-96x96.jpg\",\"contentUrl\":\"https:\\\/\\\/diariodebordo.net\\\/wp-content\\\/uploads\\\/2022\\\/09\\\/cropped-image9-96x96.jpg\",\"caption\":\"Thiago Soares\"},\"url\":\"http:\\\/\\\/ftp.diariodebordo.net\\\/?author=13\"}]}<\/script>\n<!-- \/ Yoast SEO plugin. -->","yoast_head_json":{"title":"Mulheres s\u00e3o maioria entre os mestres e doutores formados pela Unesp e cada vez mais influentes nas atividades de pesquisa - Experi\u00eancias que conectam marcas, pessoas e momentos","robots":{"index":"index","follow":"follow","max-snippet":"max-snippet:-1","max-image-preview":"max-image-preview:large","max-video-preview":"max-video-preview:-1"},"canonical":"http:\/\/diariodebordo.net\/?p=34612","og_locale":"pt_BR","og_type":"article","og_title":"Mulheres s\u00e3o maioria entre os mestres e doutores formados pela Unesp e cada vez mais influentes nas atividades de pesquisa - Experi\u00eancias que conectam marcas, pessoas e momentos","og_description":"Outros indicadores positivos envolvem aumento da presen\u00e7a feminina na dire\u00e7\u00e3o de unidades universit\u00e1rias e nas coordena\u00e7\u00f5es de cursos e de programas de p\u00f3s; dados refletem pol\u00edticas de equidade adotadas nos \u00faltimos anos A reitora Maysa Furlan, da Unesp &#8212; cr\u00e9dito: ACI Unesp Levantamento realizado pelo Escrit\u00f3rio de Gest\u00e3o de Dados (EGD) da Unesp aponta que,","og_url":"http:\/\/diariodebordo.net\/?p=34612","og_site_name":"Experi\u00eancias que conectam marcas, pessoas e momentos","article_published_time":"2026-03-08T00:51:03+00:00","og_image":[{"width":900,"height":600,"url":"http:\/\/diariodebordo.net\/wp-content\/uploads\/2026\/03\/Gabriela-de-Souza-Freitas_Corte-900x600-1.jpg","type":"image\/jpeg"}],"author":"Thiago Soares","twitter_card":"summary_large_image","twitter_misc":{"Escrito por":"Thiago Soares","Est. tempo de leitura":"4 minutos"},"schema":{"@context":"https:\/\/schema.org","@graph":[{"@type":"Article","@id":"http:\/\/diariodebordo.net\/?p=34612#article","isPartOf":{"@id":"http:\/\/diariodebordo.net\/?p=34612"},"author":{"name":"Thiago Soares","@id":"http:\/\/diariodebordo.net\/#\/schema\/person\/2983b623551b91c75a103029fb634a78"},"headline":"Mulheres s\u00e3o maioria entre os mestres e doutores formados pela Unesp e cada vez mais influentes nas atividades de pesquisa","datePublished":"2026-03-08T00:51:03+00:00","mainEntityOfPage":{"@id":"http:\/\/diariodebordo.net\/?p=34612"},"wordCount":553,"commentCount":0,"publisher":{"@id":"http:\/\/diariodebordo.net\/#organization"},"image":{"@id":"http:\/\/diariodebordo.net\/?p=34612#primaryimage"},"thumbnailUrl":"http:\/\/ftp.diariodebordo.net\/wp-content\/uploads\/2026\/03\/Gabriela-de-Souza-Freitas_Corte-900x600-1.jpg","articleSection":["Dia-a-Dia"],"inLanguage":"pt-BR","potentialAction":[{"@type":"CommentAction","name":"Comment","target":["http:\/\/diariodebordo.net\/?p=34612#respond"]}]},{"@type":"WebPage","@id":"http:\/\/diariodebordo.net\/?p=34612","url":"http:\/\/diariodebordo.net\/?p=34612","name":"Mulheres s\u00e3o maioria entre os mestres e doutores formados pela Unesp e cada vez mais influentes nas atividades de pesquisa - Experi\u00eancias que conectam marcas, pessoas e momentos","isPartOf":{"@id":"http:\/\/diariodebordo.net\/#website"},"primaryImageOfPage":{"@id":"http:\/\/diariodebordo.net\/?p=34612#primaryimage"},"image":{"@id":"http:\/\/diariodebordo.net\/?p=34612#primaryimage"},"thumbnailUrl":"http:\/\/ftp.diariodebordo.net\/wp-content\/uploads\/2026\/03\/Gabriela-de-Souza-Freitas_Corte-900x600-1.jpg","datePublished":"2026-03-08T00:51:03+00:00","breadcrumb":{"@id":"http:\/\/diariodebordo.net\/?p=34612#breadcrumb"},"inLanguage":"pt-BR","potentialAction":[{"@type":"ReadAction","target":["http:\/\/diariodebordo.net\/?p=34612"]}]},{"@type":"ImageObject","inLanguage":"pt-BR","@id":"http:\/\/diariodebordo.net\/?p=34612#primaryimage","url":"http:\/\/ftp.diariodebordo.net\/wp-content\/uploads\/2026\/03\/Gabriela-de-Souza-Freitas_Corte-900x600-1.jpg","contentUrl":"http:\/\/ftp.diariodebordo.net\/wp-content\/uploads\/2026\/03\/Gabriela-de-Souza-Freitas_Corte-900x600-1.jpg","width":900,"height":600},{"@type":"BreadcrumbList","@id":"http:\/\/diariodebordo.net\/?p=34612#breadcrumb","itemListElement":[{"@type":"ListItem","position":1,"name":"In\u00edcio","item":"http:\/\/diariodebordo.net\/"},{"@type":"ListItem","position":2,"name":"Mulheres s\u00e3o maioria entre os mestres e doutores formados pela Unesp e cada vez mais influentes nas atividades de pesquisa"}]},{"@type":"WebSite","@id":"http:\/\/diariodebordo.net\/#website","url":"http:\/\/diariodebordo.net\/","name":"Experi\u00eancias que conectam marcas, pessoas e momentos","description":"M\u00eddia, eventos e conte\u00fado em uma plataforma que gera presen\u00e7a, relev\u00e2ncia e movimento.","publisher":{"@id":"http:\/\/diariodebordo.net\/#organization"},"potentialAction":[{"@type":"SearchAction","target":{"@type":"EntryPoint","urlTemplate":"http:\/\/diariodebordo.net\/?s={search_term_string}"},"query-input":{"@type":"PropertyValueSpecification","valueRequired":true,"valueName":"search_term_string"}}],"inLanguage":"pt-BR"},{"@type":"Organization","@id":"http:\/\/diariodebordo.net\/#organization","name":"Experi\u00eancias que conectam marcas, pessoas e momentos","url":"http:\/\/diariodebordo.net\/","logo":{"@type":"ImageObject","inLanguage":"pt-BR","@id":"http:\/\/diariodebordo.net\/#\/schema\/logo\/image\/","url":"http:\/\/ftp.diariodebordo.net\/wp-content\/uploads\/2026\/04\/cropped-cropped-20260419_052322_0001-2.png","contentUrl":"http:\/\/ftp.diariodebordo.net\/wp-content\/uploads\/2026\/04\/cropped-cropped-20260419_052322_0001-2.png","width":512,"height":214,"caption":"Experi\u00eancias que conectam marcas, pessoas e momentos "},"image":{"@id":"http:\/\/diariodebordo.net\/#\/schema\/logo\/image\/"}},{"@type":"Person","@id":"http:\/\/diariodebordo.net\/#\/schema\/person\/2983b623551b91c75a103029fb634a78","name":"Thiago Soares","image":{"@type":"ImageObject","inLanguage":"pt-BR","@id":"https:\/\/diariodebordo.net\/wp-content\/uploads\/2022\/09\/cropped-image9-96x96.jpg","url":"https:\/\/diariodebordo.net\/wp-content\/uploads\/2022\/09\/cropped-image9-96x96.jpg","contentUrl":"https:\/\/diariodebordo.net\/wp-content\/uploads\/2022\/09\/cropped-image9-96x96.jpg","caption":"Thiago Soares"},"url":"http:\/\/ftp.diariodebordo.net\/?author=13"}]}},"_links":{"self":[{"href":"http:\/\/ftp.diariodebordo.net\/index.php?rest_route=\/wp\/v2\/posts\/34612","targetHints":{"allow":["GET"]}}],"collection":[{"href":"http:\/\/ftp.diariodebordo.net\/index.php?rest_route=\/wp\/v2\/posts"}],"about":[{"href":"http:\/\/ftp.diariodebordo.net\/index.php?rest_route=\/wp\/v2\/types\/post"}],"author":[{"embeddable":true,"href":"http:\/\/ftp.diariodebordo.net\/index.php?rest_route=\/wp\/v2\/users\/13"}],"replies":[{"embeddable":true,"href":"http:\/\/ftp.diariodebordo.net\/index.php?rest_route=%2Fwp%2Fv2%2Fcomments&post=34612"}],"version-history":[{"count":1,"href":"http:\/\/ftp.diariodebordo.net\/index.php?rest_route=\/wp\/v2\/posts\/34612\/revisions"}],"predecessor-version":[{"id":34614,"href":"http:\/\/ftp.diariodebordo.net\/index.php?rest_route=\/wp\/v2\/posts\/34612\/revisions\/34614"}],"wp:featuredmedia":[{"embeddable":true,"href":"http:\/\/ftp.diariodebordo.net\/index.php?rest_route=\/wp\/v2\/media\/34613"}],"wp:attachment":[{"href":"http:\/\/ftp.diariodebordo.net\/index.php?rest_route=%2Fwp%2Fv2%2Fmedia&parent=34612"}],"wp:term":[{"taxonomy":"category","embeddable":true,"href":"http:\/\/ftp.diariodebordo.net\/index.php?rest_route=%2Fwp%2Fv2%2Fcategories&post=34612"},{"taxonomy":"post_tag","embeddable":true,"href":"http:\/\/ftp.diariodebordo.net\/index.php?rest_route=%2Fwp%2Fv2%2Ftags&post=34612"}],"curies":[{"name":"wp","href":"https:\/\/api.w.org\/{rel}","templated":true}]}}