{"id":26414,"date":"2023-09-21T16:18:29","date_gmt":"2023-09-21T19:18:29","guid":{"rendered":"https:\/\/diariodebordo.net\/?p=26414"},"modified":"2023-09-21T16:18:31","modified_gmt":"2023-09-21T19:18:31","slug":"nova-colecao-da-hellen-carolina-maldivas-summer-collection","status":"publish","type":"post","link":"http:\/\/ftp.diariodebordo.net\/?p=26414","title":{"rendered":"Nova Cole\u00e7\u00e3o da Hellen Carolina &#8211; Maldivas Summer Collection"},"content":{"rendered":"\n<p>No dia 02 de setembro, ocorreu o lan\u00e7amento exclusivo da aguardada Maldivas Summer Collection de Hellen Carolina \u2013 a marca de beachwear que mais cresce no Brasil. O evento foi uma experi\u00eancia \u00fanica e inesquec\u00edvel, onde os convidados VIPs embarcaram em uma jornada de luxo e estilo. Inspirada na beleza intocada das Maldivas, a cole\u00e7\u00e3o refletiu as cores deslumbrantes das \u00e1guas cristalinas, a serenidade das praias de areia branca e a sofistica\u00e7\u00e3o descontra\u00edda das ilhas paradis\u00edacas. O desfile da Maldivas Summer Collection foi transmitido pelas redes sociais da Hellen Carolina, onde o p\u00fablico p\u00f4de acompanhar as novidades.<\/p>\n\n\n\n<figure class=\"wp-block-image size-large is-resized\"><img loading=\"lazy\" decoding=\"async\" src=\"https:\/\/diariodebordo.net\/wp-content\/uploads\/2023\/09\/image-1024x682.png\" alt=\"\" class=\"wp-image-26415\" style=\"width:472px;height:314px\" width=\"472\" height=\"314\" srcset=\"http:\/\/ftp.diariodebordo.net\/wp-content\/uploads\/2023\/09\/image-1024x682.png 1024w, http:\/\/ftp.diariodebordo.net\/wp-content\/uploads\/2023\/09\/image-300x200.png 300w, http:\/\/ftp.diariodebordo.net\/wp-content\/uploads\/2023\/09\/image-768x512.png 768w, http:\/\/ftp.diariodebordo.net\/wp-content\/uploads\/2023\/09\/image-1536x1023.png 1536w, http:\/\/ftp.diariodebordo.net\/wp-content\/uploads\/2023\/09\/image.png 1600w\" sizes=\"auto, (max-width: 472px) 100vw, 472px\" \/><\/figure>\n\n\n\n<p>Al\u00e9m do lan\u00e7amento da nova cole\u00e7\u00e3o, a recep\u00e7\u00e3o aos convidados teve muitas surpresas e um clima tropical que remetia \u00e0s Maldivas. Os convidados puderam se deliciar com \u00e1gua de coco, picol\u00e9s, drinks tem\u00e1ticos e os deliciosos quitutes do coquetel. Para aqueles que se arriscaram, foram oferecidas tatuagens tempor\u00e1rias e permanentes lindas, e tamb\u00e9m havia uma cabeleireira de plant\u00e3o para deixar o visual ainda mais praiano. As m\u00fasicas cuidadosamente selecionadas embalaram tamb\u00e9m as modelos que desfilaram a nova cole\u00e7\u00e3o.<\/p>\n\n\n\n<figure class=\"wp-block-image size-large is-resized\"><img loading=\"lazy\" decoding=\"async\" src=\"https:\/\/diariodebordo.net\/wp-content\/uploads\/2023\/09\/image-1-1024x682.png\" alt=\"\" class=\"wp-image-26416\" style=\"width:379px;height:252px\" width=\"379\" height=\"252\" srcset=\"http:\/\/ftp.diariodebordo.net\/wp-content\/uploads\/2023\/09\/image-1-1024x682.png 1024w, http:\/\/ftp.diariodebordo.net\/wp-content\/uploads\/2023\/09\/image-1-300x200.png 300w, http:\/\/ftp.diariodebordo.net\/wp-content\/uploads\/2023\/09\/image-1-768x512.png 768w, http:\/\/ftp.diariodebordo.net\/wp-content\/uploads\/2023\/09\/image-1-1536x1023.png 1536w, http:\/\/ftp.diariodebordo.net\/wp-content\/uploads\/2023\/09\/image-1.png 1600w\" sizes=\"auto, (max-width: 379px) 100vw, 379px\" \/><\/figure>\n\n\n\n<figure class=\"wp-block-image size-large is-resized\"><img loading=\"lazy\" decoding=\"async\" src=\"https:\/\/diariodebordo.net\/wp-content\/uploads\/2023\/09\/image-2-768x1024.png\" alt=\"\" class=\"wp-image-26417\" style=\"width:379px;height:505px\" width=\"379\" height=\"505\" srcset=\"http:\/\/ftp.diariodebordo.net\/wp-content\/uploads\/2023\/09\/image-2-768x1024.png 768w, http:\/\/ftp.diariodebordo.net\/wp-content\/uploads\/2023\/09\/image-2-225x300.png 225w, http:\/\/ftp.diariodebordo.net\/wp-content\/uploads\/2023\/09\/image-2-1152x1536.png 1152w, http:\/\/ftp.diariodebordo.net\/wp-content\/uploads\/2023\/09\/image-2.png 1200w\" sizes=\"auto, (max-width: 379px) 100vw, 379px\" \/><\/figure>\n","protected":false},"excerpt":{"rendered":"<p>No dia 02 de setembro, ocorreu o lan\u00e7amento exclusivo da aguardada Maldivas Summer Collection de Hellen Carolina \u2013 a marca de beachwear que mais cresce no Brasil. O evento foi uma experi\u00eancia \u00fanica e inesquec\u00edvel, onde os convidados VIPs embarcaram em uma jornada de luxo e estilo. Inspirada na beleza intocada das Maldivas, a cole\u00e7\u00e3o<\/p>\n","protected":false},"author":3,"featured_media":26418,"comment_status":"open","ping_status":"open","sticky":true,"template":"","format":"standard","meta":{"_eb_attr":"","inline_featured_image":false,"_joinchat":[],"footnotes":""},"categories":[63,90],"tags":[],"class_list":["post-26414","post","type-post","status-publish","format-standard","has-post-thumbnail","hentry","category-destaques","category-moda"],"acf":[],"yoast_head":"<!-- This site is optimized with the Yoast SEO plugin v27.5 - https:\/\/yoast.com\/product\/yoast-seo-wordpress\/ -->\n<title>Nova Cole\u00e7\u00e3o da Hellen Carolina - Maldivas Summer Collection - Experi\u00eancias que conectam marcas, pessoas e momentos<\/title>\n<meta name=\"robots\" content=\"index, follow, max-snippet:-1, max-image-preview:large, max-video-preview:-1\" \/>\n<link rel=\"canonical\" href=\"http:\/\/diariodebordo.net\/?p=26414\" \/>\n<meta property=\"og:locale\" content=\"pt_BR\" \/>\n<meta property=\"og:type\" content=\"article\" \/>\n<meta property=\"og:title\" content=\"Nova Cole\u00e7\u00e3o da Hellen Carolina - Maldivas Summer Collection - Experi\u00eancias que conectam marcas, pessoas e momentos\" \/>\n<meta property=\"og:description\" content=\"No dia 02 de setembro, ocorreu o lan\u00e7amento exclusivo da aguardada Maldivas Summer Collection de Hellen Carolina \u2013 a marca de beachwear que mais cresce no Brasil. O evento foi uma experi\u00eancia \u00fanica e inesquec\u00edvel, onde os convidados VIPs embarcaram em uma jornada de luxo e estilo. Inspirada na beleza intocada das Maldivas, a cole\u00e7\u00e3o\" \/>\n<meta property=\"og:url\" content=\"http:\/\/diariodebordo.net\/?p=26414\" \/>\n<meta property=\"og:site_name\" content=\"Experi\u00eancias que conectam marcas, pessoas e momentos\" \/>\n<meta property=\"article:published_time\" content=\"2023-09-21T19:18:29+00:00\" \/>\n<meta property=\"article:modified_time\" content=\"2023-09-21T19:18:31+00:00\" \/>\n<meta property=\"og:image\" content=\"http:\/\/diariodebordo.net\/wp-content\/uploads\/2023\/09\/WhatsApp-Image-2023-09-21-at-15.25.26.jpeg\" \/>\n\t<meta property=\"og:image:width\" content=\"818\" \/>\n\t<meta property=\"og:image:height\" content=\"310\" \/>\n\t<meta property=\"og:image:type\" content=\"image\/jpeg\" \/>\n<meta name=\"author\" content=\"Evy Ferrera\" \/>\n<meta name=\"twitter:card\" content=\"summary_large_image\" \/>\n<meta name=\"twitter:label1\" content=\"Escrito por\" \/>\n\t<meta name=\"twitter:data1\" content=\"Evy Ferrera\" \/>\n\t<meta name=\"twitter:label2\" content=\"Est. tempo de leitura\" \/>\n\t<meta name=\"twitter:data2\" content=\"1 minuto\" \/>\n<script type=\"application\/ld+json\" class=\"yoast-schema-graph\">{\"@context\":\"https:\\\/\\\/schema.org\",\"@graph\":[{\"@type\":\"Article\",\"@id\":\"http:\\\/\\\/diariodebordo.net\\\/?p=26414#article\",\"isPartOf\":{\"@id\":\"http:\\\/\\\/diariodebordo.net\\\/?p=26414\"},\"author\":{\"name\":\"Evy Ferrera\",\"@id\":\"http:\\\/\\\/diariodebordo.net\\\/#\\\/schema\\\/person\\\/d5a9558c26dcd091c5d59e236685e9ff\"},\"headline\":\"Nova Cole\u00e7\u00e3o da Hellen Carolina &#8211; Maldivas Summer Collection\",\"datePublished\":\"2023-09-21T19:18:29+00:00\",\"dateModified\":\"2023-09-21T19:18:31+00:00\",\"mainEntityOfPage\":{\"@id\":\"http:\\\/\\\/diariodebordo.net\\\/?p=26414\"},\"wordCount\":204,\"commentCount\":0,\"publisher\":{\"@id\":\"http:\\\/\\\/diariodebordo.net\\\/#organization\"},\"image\":{\"@id\":\"http:\\\/\\\/diariodebordo.net\\\/?p=26414#primaryimage\"},\"thumbnailUrl\":\"http:\\\/\\\/ftp.diariodebordo.net\\\/wp-content\\\/uploads\\\/2023\\\/09\\\/WhatsApp-Image-2023-09-21-at-15.25.26.jpeg\",\"articleSection\":[\"DESTAQUES\",\"Moda\"],\"inLanguage\":\"pt-BR\",\"potentialAction\":[{\"@type\":\"CommentAction\",\"name\":\"Comment\",\"target\":[\"http:\\\/\\\/diariodebordo.net\\\/?p=26414#respond\"]}]},{\"@type\":\"WebPage\",\"@id\":\"http:\\\/\\\/diariodebordo.net\\\/?p=26414\",\"url\":\"http:\\\/\\\/diariodebordo.net\\\/?p=26414\",\"name\":\"Nova Cole\u00e7\u00e3o da Hellen Carolina - Maldivas Summer Collection - Experi\u00eancias que conectam marcas, pessoas e momentos\",\"isPartOf\":{\"@id\":\"http:\\\/\\\/diariodebordo.net\\\/#website\"},\"primaryImageOfPage\":{\"@id\":\"http:\\\/\\\/diariodebordo.net\\\/?p=26414#primaryimage\"},\"image\":{\"@id\":\"http:\\\/\\\/diariodebordo.net\\\/?p=26414#primaryimage\"},\"thumbnailUrl\":\"http:\\\/\\\/ftp.diariodebordo.net\\\/wp-content\\\/uploads\\\/2023\\\/09\\\/WhatsApp-Image-2023-09-21-at-15.25.26.jpeg\",\"datePublished\":\"2023-09-21T19:18:29+00:00\",\"dateModified\":\"2023-09-21T19:18:31+00:00\",\"breadcrumb\":{\"@id\":\"http:\\\/\\\/diariodebordo.net\\\/?p=26414#breadcrumb\"},\"inLanguage\":\"pt-BR\",\"potentialAction\":[{\"@type\":\"ReadAction\",\"target\":[\"http:\\\/\\\/diariodebordo.net\\\/?p=26414\"]}]},{\"@type\":\"ImageObject\",\"inLanguage\":\"pt-BR\",\"@id\":\"http:\\\/\\\/diariodebordo.net\\\/?p=26414#primaryimage\",\"url\":\"http:\\\/\\\/ftp.diariodebordo.net\\\/wp-content\\\/uploads\\\/2023\\\/09\\\/WhatsApp-Image-2023-09-21-at-15.25.26.jpeg\",\"contentUrl\":\"http:\\\/\\\/ftp.diariodebordo.net\\\/wp-content\\\/uploads\\\/2023\\\/09\\\/WhatsApp-Image-2023-09-21-at-15.25.26.jpeg\",\"width\":818,\"height\":310},{\"@type\":\"BreadcrumbList\",\"@id\":\"http:\\\/\\\/diariodebordo.net\\\/?p=26414#breadcrumb\",\"itemListElement\":[{\"@type\":\"ListItem\",\"position\":1,\"name\":\"In\u00edcio\",\"item\":\"http:\\\/\\\/diariodebordo.net\\\/\"},{\"@type\":\"ListItem\",\"position\":2,\"name\":\"Nova Cole\u00e7\u00e3o da Hellen Carolina &#8211; Maldivas Summer Collection\"}]},{\"@type\":\"WebSite\",\"@id\":\"http:\\\/\\\/diariodebordo.net\\\/#website\",\"url\":\"http:\\\/\\\/diariodebordo.net\\\/\",\"name\":\"Experi\u00eancias que conectam marcas, pessoas e momentos\",\"description\":\"M\u00eddia, eventos e conte\u00fado em uma plataforma que gera presen\u00e7a, relev\u00e2ncia e movimento.\",\"publisher\":{\"@id\":\"http:\\\/\\\/diariodebordo.net\\\/#organization\"},\"potentialAction\":[{\"@type\":\"SearchAction\",\"target\":{\"@type\":\"EntryPoint\",\"urlTemplate\":\"http:\\\/\\\/diariodebordo.net\\\/?s={search_term_string}\"},\"query-input\":{\"@type\":\"PropertyValueSpecification\",\"valueRequired\":true,\"valueName\":\"search_term_string\"}}],\"inLanguage\":\"pt-BR\"},{\"@type\":\"Organization\",\"@id\":\"http:\\\/\\\/diariodebordo.net\\\/#organization\",\"name\":\"Experi\u00eancias que conectam marcas, pessoas e momentos\",\"url\":\"http:\\\/\\\/diariodebordo.net\\\/\",\"logo\":{\"@type\":\"ImageObject\",\"inLanguage\":\"pt-BR\",\"@id\":\"http:\\\/\\\/diariodebordo.net\\\/#\\\/schema\\\/logo\\\/image\\\/\",\"url\":\"http:\\\/\\\/ftp.diariodebordo.net\\\/wp-content\\\/uploads\\\/2026\\\/04\\\/cropped-cropped-20260419_052322_0001-2.png\",\"contentUrl\":\"http:\\\/\\\/ftp.diariodebordo.net\\\/wp-content\\\/uploads\\\/2026\\\/04\\\/cropped-cropped-20260419_052322_0001-2.png\",\"width\":512,\"height\":214,\"caption\":\"Experi\u00eancias que conectam marcas, pessoas e momentos \"},\"image\":{\"@id\":\"http:\\\/\\\/diariodebordo.net\\\/#\\\/schema\\\/logo\\\/image\\\/\"}},{\"@type\":\"Person\",\"@id\":\"http:\\\/\\\/diariodebordo.net\\\/#\\\/schema\\\/person\\\/d5a9558c26dcd091c5d59e236685e9ff\",\"name\":\"Evy Ferrera\",\"image\":{\"@type\":\"ImageObject\",\"inLanguage\":\"pt-BR\",\"@id\":\"https:\\\/\\\/diariodebordo.net\\\/wp-content\\\/uploads\\\/2022\\\/09\\\/image3-96x96.jpg\",\"url\":\"https:\\\/\\\/diariodebordo.net\\\/wp-content\\\/uploads\\\/2022\\\/09\\\/image3-96x96.jpg\",\"contentUrl\":\"https:\\\/\\\/diariodebordo.net\\\/wp-content\\\/uploads\\\/2022\\\/09\\\/image3-96x96.jpg\",\"caption\":\"Evy Ferrera\"},\"sameAs\":[\"https:\\\/\\\/www.instagram.com\\\/evyferrera\\\/\",\"https:\\\/\\\/www.youtube.com\\\/@evyferreratv\"],\"url\":\"http:\\\/\\\/ftp.diariodebordo.net\\\/?author=3\"}]}<\/script>\n<!-- \/ Yoast SEO plugin. -->","yoast_head_json":{"title":"Nova Cole\u00e7\u00e3o da Hellen Carolina - Maldivas Summer Collection - Experi\u00eancias que conectam marcas, pessoas e momentos","robots":{"index":"index","follow":"follow","max-snippet":"max-snippet:-1","max-image-preview":"max-image-preview:large","max-video-preview":"max-video-preview:-1"},"canonical":"http:\/\/diariodebordo.net\/?p=26414","og_locale":"pt_BR","og_type":"article","og_title":"Nova Cole\u00e7\u00e3o da Hellen Carolina - Maldivas Summer Collection - Experi\u00eancias que conectam marcas, pessoas e momentos","og_description":"No dia 02 de setembro, ocorreu o lan\u00e7amento exclusivo da aguardada Maldivas Summer Collection de Hellen Carolina \u2013 a marca de beachwear que mais cresce no Brasil. O evento foi uma experi\u00eancia \u00fanica e inesquec\u00edvel, onde os convidados VIPs embarcaram em uma jornada de luxo e estilo. Inspirada na beleza intocada das Maldivas, a cole\u00e7\u00e3o","og_url":"http:\/\/diariodebordo.net\/?p=26414","og_site_name":"Experi\u00eancias que conectam marcas, pessoas e momentos","article_published_time":"2023-09-21T19:18:29+00:00","article_modified_time":"2023-09-21T19:18:31+00:00","og_image":[{"width":818,"height":310,"url":"http:\/\/diariodebordo.net\/wp-content\/uploads\/2023\/09\/WhatsApp-Image-2023-09-21-at-15.25.26.jpeg","type":"image\/jpeg"}],"author":"Evy Ferrera","twitter_card":"summary_large_image","twitter_misc":{"Escrito por":"Evy Ferrera","Est. tempo de leitura":"1 minuto"},"schema":{"@context":"https:\/\/schema.org","@graph":[{"@type":"Article","@id":"http:\/\/diariodebordo.net\/?p=26414#article","isPartOf":{"@id":"http:\/\/diariodebordo.net\/?p=26414"},"author":{"name":"Evy Ferrera","@id":"http:\/\/diariodebordo.net\/#\/schema\/person\/d5a9558c26dcd091c5d59e236685e9ff"},"headline":"Nova Cole\u00e7\u00e3o da Hellen Carolina &#8211; Maldivas Summer Collection","datePublished":"2023-09-21T19:18:29+00:00","dateModified":"2023-09-21T19:18:31+00:00","mainEntityOfPage":{"@id":"http:\/\/diariodebordo.net\/?p=26414"},"wordCount":204,"commentCount":0,"publisher":{"@id":"http:\/\/diariodebordo.net\/#organization"},"image":{"@id":"http:\/\/diariodebordo.net\/?p=26414#primaryimage"},"thumbnailUrl":"http:\/\/ftp.diariodebordo.net\/wp-content\/uploads\/2023\/09\/WhatsApp-Image-2023-09-21-at-15.25.26.jpeg","articleSection":["DESTAQUES","Moda"],"inLanguage":"pt-BR","potentialAction":[{"@type":"CommentAction","name":"Comment","target":["http:\/\/diariodebordo.net\/?p=26414#respond"]}]},{"@type":"WebPage","@id":"http:\/\/diariodebordo.net\/?p=26414","url":"http:\/\/diariodebordo.net\/?p=26414","name":"Nova Cole\u00e7\u00e3o da Hellen Carolina - Maldivas Summer Collection - Experi\u00eancias que conectam marcas, pessoas e momentos","isPartOf":{"@id":"http:\/\/diariodebordo.net\/#website"},"primaryImageOfPage":{"@id":"http:\/\/diariodebordo.net\/?p=26414#primaryimage"},"image":{"@id":"http:\/\/diariodebordo.net\/?p=26414#primaryimage"},"thumbnailUrl":"http:\/\/ftp.diariodebordo.net\/wp-content\/uploads\/2023\/09\/WhatsApp-Image-2023-09-21-at-15.25.26.jpeg","datePublished":"2023-09-21T19:18:29+00:00","dateModified":"2023-09-21T19:18:31+00:00","breadcrumb":{"@id":"http:\/\/diariodebordo.net\/?p=26414#breadcrumb"},"inLanguage":"pt-BR","potentialAction":[{"@type":"ReadAction","target":["http:\/\/diariodebordo.net\/?p=26414"]}]},{"@type":"ImageObject","inLanguage":"pt-BR","@id":"http:\/\/diariodebordo.net\/?p=26414#primaryimage","url":"http:\/\/ftp.diariodebordo.net\/wp-content\/uploads\/2023\/09\/WhatsApp-Image-2023-09-21-at-15.25.26.jpeg","contentUrl":"http:\/\/ftp.diariodebordo.net\/wp-content\/uploads\/2023\/09\/WhatsApp-Image-2023-09-21-at-15.25.26.jpeg","width":818,"height":310},{"@type":"BreadcrumbList","@id":"http:\/\/diariodebordo.net\/?p=26414#breadcrumb","itemListElement":[{"@type":"ListItem","position":1,"name":"In\u00edcio","item":"http:\/\/diariodebordo.net\/"},{"@type":"ListItem","position":2,"name":"Nova Cole\u00e7\u00e3o da Hellen Carolina &#8211; Maldivas Summer Collection"}]},{"@type":"WebSite","@id":"http:\/\/diariodebordo.net\/#website","url":"http:\/\/diariodebordo.net\/","name":"Experi\u00eancias que conectam marcas, pessoas e momentos","description":"M\u00eddia, eventos e conte\u00fado em uma plataforma que gera presen\u00e7a, relev\u00e2ncia e movimento.","publisher":{"@id":"http:\/\/diariodebordo.net\/#organization"},"potentialAction":[{"@type":"SearchAction","target":{"@type":"EntryPoint","urlTemplate":"http:\/\/diariodebordo.net\/?s={search_term_string}"},"query-input":{"@type":"PropertyValueSpecification","valueRequired":true,"valueName":"search_term_string"}}],"inLanguage":"pt-BR"},{"@type":"Organization","@id":"http:\/\/diariodebordo.net\/#organization","name":"Experi\u00eancias que conectam marcas, pessoas e momentos","url":"http:\/\/diariodebordo.net\/","logo":{"@type":"ImageObject","inLanguage":"pt-BR","@id":"http:\/\/diariodebordo.net\/#\/schema\/logo\/image\/","url":"http:\/\/ftp.diariodebordo.net\/wp-content\/uploads\/2026\/04\/cropped-cropped-20260419_052322_0001-2.png","contentUrl":"http:\/\/ftp.diariodebordo.net\/wp-content\/uploads\/2026\/04\/cropped-cropped-20260419_052322_0001-2.png","width":512,"height":214,"caption":"Experi\u00eancias que conectam marcas, pessoas e momentos "},"image":{"@id":"http:\/\/diariodebordo.net\/#\/schema\/logo\/image\/"}},{"@type":"Person","@id":"http:\/\/diariodebordo.net\/#\/schema\/person\/d5a9558c26dcd091c5d59e236685e9ff","name":"Evy Ferrera","image":{"@type":"ImageObject","inLanguage":"pt-BR","@id":"https:\/\/diariodebordo.net\/wp-content\/uploads\/2022\/09\/image3-96x96.jpg","url":"https:\/\/diariodebordo.net\/wp-content\/uploads\/2022\/09\/image3-96x96.jpg","contentUrl":"https:\/\/diariodebordo.net\/wp-content\/uploads\/2022\/09\/image3-96x96.jpg","caption":"Evy Ferrera"},"sameAs":["https:\/\/www.instagram.com\/evyferrera\/","https:\/\/www.youtube.com\/@evyferreratv"],"url":"http:\/\/ftp.diariodebordo.net\/?author=3"}]}},"_links":{"self":[{"href":"http:\/\/ftp.diariodebordo.net\/index.php?rest_route=\/wp\/v2\/posts\/26414","targetHints":{"allow":["GET"]}}],"collection":[{"href":"http:\/\/ftp.diariodebordo.net\/index.php?rest_route=\/wp\/v2\/posts"}],"about":[{"href":"http:\/\/ftp.diariodebordo.net\/index.php?rest_route=\/wp\/v2\/types\/post"}],"author":[{"embeddable":true,"href":"http:\/\/ftp.diariodebordo.net\/index.php?rest_route=\/wp\/v2\/users\/3"}],"replies":[{"embeddable":true,"href":"http:\/\/ftp.diariodebordo.net\/index.php?rest_route=%2Fwp%2Fv2%2Fcomments&post=26414"}],"version-history":[{"count":1,"href":"http:\/\/ftp.diariodebordo.net\/index.php?rest_route=\/wp\/v2\/posts\/26414\/revisions"}],"predecessor-version":[{"id":26419,"href":"http:\/\/ftp.diariodebordo.net\/index.php?rest_route=\/wp\/v2\/posts\/26414\/revisions\/26419"}],"wp:featuredmedia":[{"embeddable":true,"href":"http:\/\/ftp.diariodebordo.net\/index.php?rest_route=\/wp\/v2\/media\/26418"}],"wp:attachment":[{"href":"http:\/\/ftp.diariodebordo.net\/index.php?rest_route=%2Fwp%2Fv2%2Fmedia&parent=26414"}],"wp:term":[{"taxonomy":"category","embeddable":true,"href":"http:\/\/ftp.diariodebordo.net\/index.php?rest_route=%2Fwp%2Fv2%2Fcategories&post=26414"},{"taxonomy":"post_tag","embeddable":true,"href":"http:\/\/ftp.diariodebordo.net\/index.php?rest_route=%2Fwp%2Fv2%2Ftags&post=26414"}],"curies":[{"name":"wp","href":"https:\/\/api.w.org\/{rel}","templated":true}]}}